{"id":15907,"date":"2015-06-23T06:11:35","date_gmt":"2015-06-23T04:11:35","guid":{"rendered":"http:\/\/www.kunstgalerie-barbara.de\/blog\/?p=15907"},"modified":"2015-06-23T06:19:00","modified_gmt":"2015-06-23T04:19:00","slug":"15907","status":"publish","type":"post","link":"http:\/\/www.kunstgalerie-barbara.de\/blog\/2015\/06\/15907\/","title":{"rendered":"Nahrung f\u00fcr Hummeln &#038; Co"},"content":{"rendered":"<p><a href=\"http:\/\/www.kunstgalerie-barbara.de\/blog\/wp-content\/uploads\/2015\/06\/P1680634-Kopie.jpg\"><img loading=\"lazy\" decoding=\"async\" class=\"aligncenter wp-image-15908 size-full\" src=\"http:\/\/www.kunstgalerie-barbara.de\/blog\/wp-content\/uploads\/2015\/06\/P1680634-Kopie.jpg\" alt=\"P1680634 Kopie\" width=\"470\" height=\"313\" srcset=\"http:\/\/www.kunstgalerie-barbara.de\/blog\/wp-content\/uploads\/2015\/06\/P1680634-Kopie.jpg 470w, http:\/\/www.kunstgalerie-barbara.de\/blog\/wp-content\/uploads\/2015\/06\/P1680634-Kopie-300x200.jpg 300w\" sizes=\"(max-width: 470px) 100vw, 470px\" \/><\/a>Wir sollten bei der Bepflanzung unserer G\u00e4rten und Vorg\u00e4rten darauf achten, da\u00df Bienen, Hummeln oder ganz allgemein Insekten, Areale haben auf denen sie sich wohlf\u00fchlen k\u00f6nnen!<\/p>\n","protected":false},"excerpt":{"rendered":"<p>Wir sollten bei der Bepflanzung unserer G\u00e4rten und Vorg\u00e4rten darauf achten, da\u00df Bienen, Hummeln oder ganz allgemein Insekten, Areale haben auf denen sie sich wohlf\u00fchlen k\u00f6nnen!<\/p>\n","protected":false},"author":1,"featured_media":0,"comment_status":"open","ping_status":"open","sticky":false,"template":"","format":"standard","meta":{"footnotes":""},"categories":[26,71,51,64],"tags":[],"jetpack_featured_media_url":"","_links":{"self":[{"href":"http:\/\/www.kunstgalerie-barbara.de\/blog\/wp-json\/wp\/v2\/posts\/15907"}],"collection":[{"href":"http:\/\/www.kunstgalerie-barbara.de\/blog\/wp-json\/wp\/v2\/posts"}],"about":[{"href":"http:\/\/www.kunstgalerie-barbara.de\/blog\/wp-json\/wp\/v2\/types\/post"}],"author":[{"embeddable":true,"href":"http:\/\/www.kunstgalerie-barbara.de\/blog\/wp-json\/wp\/v2\/users\/1"}],"replies":[{"embeddable":true,"href":"http:\/\/www.kunstgalerie-barbara.de\/blog\/wp-json\/wp\/v2\/comments?post=15907"}],"version-history":[{"count":1,"href":"http:\/\/www.kunstgalerie-barbara.de\/blog\/wp-json\/wp\/v2\/posts\/15907\/revisions"}],"predecessor-version":[{"id":15915,"href":"http:\/\/www.kunstgalerie-barbara.de\/blog\/wp-json\/wp\/v2\/posts\/15907\/revisions\/15915"}],"wp:attachment":[{"href":"http:\/\/www.kunstgalerie-barbara.de\/blog\/wp-json\/wp\/v2\/media?parent=15907"}],"wp:term":[{"taxonomy":"category","embeddable":true,"href":"http:\/\/www.kunstgalerie-barbara.de\/blog\/wp-json\/wp\/v2\/categories?post=15907"},{"taxonomy":"post_tag","embeddable":true,"href":"http:\/\/www.kunstgalerie-barbara.de\/blog\/wp-json\/wp\/v2\/tags?post=15907"}],"curies":[{"name":"wp","href":"https:\/\/api.w.org\/{rel}","templated":true}]}}