{"id":15916,"date":"2015-06-27T05:42:57","date_gmt":"2015-06-27T03:42:57","guid":{"rendered":"http:\/\/www.kunstgalerie-barbara.de\/blog\/?p=15916"},"modified":"2015-06-27T05:52:38","modified_gmt":"2015-06-27T03:52:38","slug":"kraeuterbeet-im-pflanzkuebel","status":"publish","type":"post","link":"http:\/\/www.kunstgalerie-barbara.de\/blog\/2015\/06\/kraeuterbeet-im-pflanzkuebel\/","title":{"rendered":"Kr\u00e4uterbeet im Pflanzk\u00fcbel&#8230;"},"content":{"rendered":"<p><a href=\"http:\/\/www.kunstgalerie-barbara.de\/blog\/wp-content\/uploads\/2015\/06\/P1680241-Kopie.jpg\"><img loading=\"lazy\" decoding=\"async\" class=\"aligncenter wp-image-15917 size-full\" src=\"http:\/\/www.kunstgalerie-barbara.de\/blog\/wp-content\/uploads\/2015\/06\/P1680241-Kopie.jpg\" alt=\"P1680241 Kopie\" width=\"470\" height=\"328\" srcset=\"http:\/\/www.kunstgalerie-barbara.de\/blog\/wp-content\/uploads\/2015\/06\/P1680241-Kopie.jpg 470w, http:\/\/www.kunstgalerie-barbara.de\/blog\/wp-content\/uploads\/2015\/06\/P1680241-Kopie-300x209.jpg 300w\" sizes=\"(max-width: 470px) 100vw, 470px\" \/><\/a>Fehlt der Platz\u00a0 um gr\u00f6\u00dfere Kr\u00e4uterbeete anzulegen, funktionieren auch Kr\u00e4uterbeete in K\u00fcbeln! Sieht dekorativ aus und ist n\u00fctzlich noch dazu, denn wer seine Mahlzeiten mit Kr\u00e4utern w\u00fcrzt, braucht keine Geschmacksverst\u00e4rker, allerdings finden genau wie wir selbst auch Schnecken Geschmack an Kr\u00e4utern.<\/p>\n","protected":false},"excerpt":{"rendered":"<p>Fehlt der Platz\u00a0 um gr\u00f6\u00dfere Kr\u00e4uterbeete anzulegen, funktionieren auch Kr\u00e4uterbeete in K\u00fcbeln! Sieht dekorativ aus und ist n\u00fctzlich noch dazu, denn wer seine Mahlzeiten mit Kr\u00e4utern w\u00fcrzt, braucht keine Geschmacksverst\u00e4rker, allerdings finden genau wie wir selbst auch Schnecken Geschmack an Kr\u00e4utern.<\/p>\n","protected":false},"author":1,"featured_media":0,"comment_status":"open","ping_status":"open","sticky":false,"template":"","format":"standard","meta":{"footnotes":""},"categories":[26,51],"tags":[],"jetpack_featured_media_url":"","_links":{"self":[{"href":"http:\/\/www.kunstgalerie-barbara.de\/blog\/wp-json\/wp\/v2\/posts\/15916"}],"collection":[{"href":"http:\/\/www.kunstgalerie-barbara.de\/blog\/wp-json\/wp\/v2\/posts"}],"about":[{"href":"http:\/\/www.kunstgalerie-barbara.de\/blog\/wp-json\/wp\/v2\/types\/post"}],"author":[{"embeddable":true,"href":"http:\/\/www.kunstgalerie-barbara.de\/blog\/wp-json\/wp\/v2\/users\/1"}],"replies":[{"embeddable":true,"href":"http:\/\/www.kunstgalerie-barbara.de\/blog\/wp-json\/wp\/v2\/comments?post=15916"}],"version-history":[{"count":1,"href":"http:\/\/www.kunstgalerie-barbara.de\/blog\/wp-json\/wp\/v2\/posts\/15916\/revisions"}],"predecessor-version":[{"id":15922,"href":"http:\/\/www.kunstgalerie-barbara.de\/blog\/wp-json\/wp\/v2\/posts\/15916\/revisions\/15922"}],"wp:attachment":[{"href":"http:\/\/www.kunstgalerie-barbara.de\/blog\/wp-json\/wp\/v2\/media?parent=15916"}],"wp:term":[{"taxonomy":"category","embeddable":true,"href":"http:\/\/www.kunstgalerie-barbara.de\/blog\/wp-json\/wp\/v2\/categories?post=15916"},{"taxonomy":"post_tag","embeddable":true,"href":"http:\/\/www.kunstgalerie-barbara.de\/blog\/wp-json\/wp\/v2\/tags?post=15916"}],"curies":[{"name":"wp","href":"https:\/\/api.w.org\/{rel}","templated":true}]}}