{"id":15930,"date":"2015-06-30T06:54:20","date_gmt":"2015-06-30T04:54:20","guid":{"rendered":"http:\/\/www.kunstgalerie-barbara.de\/blog\/?p=15930"},"modified":"2015-06-30T06:56:41","modified_gmt":"2015-06-30T04:56:41","slug":"nicht-nur-so-alte-baeume-wie-in-der-bremer-neustadtcontrescarpe-sind-schuetzenswert-nein-auch-die-juengeren-exemplare-wollen-mal-so-alt-werden-wie-dieser-hier-und-dafuer-muessen-wir-etwas-tun","status":"publish","type":"post","link":"http:\/\/www.kunstgalerie-barbara.de\/blog\/2015\/06\/nicht-nur-so-alte-baeume-wie-in-der-bremer-neustadtcontrescarpe-sind-schuetzenswert-nein-auch-die-juengeren-exemplare-wollen-mal-so-alt-werden-wie-dieser-hier-und-dafuer-muessen-wir-etwas-tun\/","title":{"rendered":"Nicht nur so alte B\u00e4ume, wie in der Bremer Neustadtcontrescarpe sind sch\u00fctzenswert, nein, auch die j\u00fcngeren Exemplare wollen mal so alt werden, wie dieser wundersch\u00f6ne knorrige Kamerad hier und daf\u00fcr m\u00fcssen wir etwas tun&#8230;."},"content":{"rendered":"<p><a href=\"http:\/\/www.kunstgalerie-barbara.de\/blog\/wp-content\/uploads\/2015\/06\/P1680461-Kopie.jpg\"><img loading=\"lazy\" decoding=\"async\" class=\"aligncenter wp-image-15931 size-full\" src=\"http:\/\/www.kunstgalerie-barbara.de\/blog\/wp-content\/uploads\/2015\/06\/P1680461-Kopie.jpg\" alt=\"P1680461 Kopie\" width=\"470\" height=\"315\" srcset=\"http:\/\/www.kunstgalerie-barbara.de\/blog\/wp-content\/uploads\/2015\/06\/P1680461-Kopie.jpg 470w, http:\/\/www.kunstgalerie-barbara.de\/blog\/wp-content\/uploads\/2015\/06\/P1680461-Kopie-300x201.jpg 300w\" sizes=\"(max-width: 470px) 100vw, 470px\" \/><\/a><\/p>\n","protected":false},"excerpt":{"rendered":"","protected":false},"author":1,"featured_media":0,"comment_status":"open","ping_status":"open","sticky":false,"template":"","format":"standard","meta":{"footnotes":""},"categories":[70,67,51,64],"tags":[],"jetpack_featured_media_url":"","_links":{"self":[{"href":"http:\/\/www.kunstgalerie-barbara.de\/blog\/wp-json\/wp\/v2\/posts\/15930"}],"collection":[{"href":"http:\/\/www.kunstgalerie-barbara.de\/blog\/wp-json\/wp\/v2\/posts"}],"about":[{"href":"http:\/\/www.kunstgalerie-barbara.de\/blog\/wp-json\/wp\/v2\/types\/post"}],"author":[{"embeddable":true,"href":"http:\/\/www.kunstgalerie-barbara.de\/blog\/wp-json\/wp\/v2\/users\/1"}],"replies":[{"embeddable":true,"href":"http:\/\/www.kunstgalerie-barbara.de\/blog\/wp-json\/wp\/v2\/comments?post=15930"}],"version-history":[{"count":1,"href":"http:\/\/www.kunstgalerie-barbara.de\/blog\/wp-json\/wp\/v2\/posts\/15930\/revisions"}],"predecessor-version":[{"id":15934,"href":"http:\/\/www.kunstgalerie-barbara.de\/blog\/wp-json\/wp\/v2\/posts\/15930\/revisions\/15934"}],"wp:attachment":[{"href":"http:\/\/www.kunstgalerie-barbara.de\/blog\/wp-json\/wp\/v2\/media?parent=15930"}],"wp:term":[{"taxonomy":"category","embeddable":true,"href":"http:\/\/www.kunstgalerie-barbara.de\/blog\/wp-json\/wp\/v2\/categories?post=15930"},{"taxonomy":"post_tag","embeddable":true,"href":"http:\/\/www.kunstgalerie-barbara.de\/blog\/wp-json\/wp\/v2\/tags?post=15930"}],"curies":[{"name":"wp","href":"https:\/\/api.w.org\/{rel}","templated":true}]}}