{"id":15935,"date":"2015-07-01T05:08:24","date_gmt":"2015-07-01T03:08:24","guid":{"rendered":"http:\/\/www.kunstgalerie-barbara.de\/blog\/?p=15935"},"modified":"2015-07-01T05:08:24","modified_gmt":"2015-07-01T03:08:24","slug":"zwar-hat-die-uneinigkeit-und-nicht-die-vernunft-gewonnen-aber-immerhin","status":"publish","type":"post","link":"http:\/\/www.kunstgalerie-barbara.de\/blog\/2015\/07\/zwar-hat-die-uneinigkeit-und-nicht-die-vernunft-gewonnen-aber-immerhin\/","title":{"rendered":"Zwar hat die Uneinigkeit und nicht die Vernunft gewonnen aber immerhin&#8230;"},"content":{"rendered":"<div class=\"csc-textpic csc-textpic-center csc-textpic-above\">\n<div class=\"csc-textpic-imagewrap csc-textpic-single-image\"><img loading=\"lazy\" decoding=\"async\" class=\"\" title=\"Protest am Kanzleramt gegen Fracking; Foto: J\u00f6rg Farys \/ Die Projektoren\" src=\"https:\/\/www.bund.net\/typo3temp\/pics\/2cf6ed5483.jpg\" alt=\"Protest am Kanzleramt gegen Fracking; Foto: J\u00f6rg Farys \/ Die Projektoren\" width=\"473\" height=\"267\" \/><\/p>\n<div class=\"csc-textpic-caption\"><\/div>\n<\/div>\n<div class=\"csc-textpic-text\">\n<p class=\"bodytext\">Am 1.4.2015 hat das Bundeskabinett ein Gesetzespaket zu Fracking auf den Weg gebracht, das die gef\u00e4hrliche F\u00f6rdertechnologie in Deutschland erlaubt. Das Gesetz sollte noch vor der Sommerpause vom Bundestag beschlossen werden. Am 30.6.2015 wurden die Verhandlungen f\u00fcr ein Fracking-Gesetzespaket jedoch abgebrochen. Der BUND sieht darin ein erstes hoffnungsvolles Zeichen im Klimaschutzjahr 2015.<\/p>\n<p class=\"bodytext\">Der BUND-Vorsitzende Hubert Weiger: &#8220;Weil CDU und SPD sich nicht einigen konnten, ob der Bundestag oder eine Expertenkommission bei Fracking das letzte Wort haben soll, hat der Widerstand gegen Fracking die Oberhand behalten. Nach mehr als drei Jahren Bem\u00fchungen f\u00fcr ein Fracking-Gesetzespaket muss die Bundesregierung nach dem abermaligen Scheitern endlich einsehen, dass diese Hochrisikotechnologie in Deutschland keine Akzeptanz findet und grunds\u00e4tzlich verboten werden muss.&#8221;<\/p>\n<p class=\"bodytext\">Die Bundesregierung sollte das Fracking-Gesetzesvorhaben nun ganz fallenlassen und sich f\u00fcr die effiziente Nutzung von Strom und W\u00e4rme und die F\u00f6rderung von Erneuerbaren stark machen. Schlie\u00dflich kann die F\u00f6rderung von mehr Erd\u00f6l und Erdgas mit immer kostspieligeren und risikoreicheren Methoden B\u00f6den und Trinkwasser irreparabel sch\u00e4digen. Sie f\u00fchrt zu einem Anstieg an klimasch\u00e4dlichen Gasen und beschleunigt den Klimawandel.<\/p>\n<p class=\"bodytext\">Der BUND pl\u00e4diert deshalb f\u00fcr ein gesetzliches Verbot von Fracking durch entsprechende \u00c4nderungen des Bundesberggesetzes. Anstatt die Gasf\u00f6rderung in Deutschland per Gesetz auszuweiten, setzt sich der BUND f\u00fcr eine Beschleunigung der Energiewende, den schnelleren Ausbau der erneuerbaren Energien und die konsequente Umsetzung von Energieeffizienzma\u00dfnahmen ein.<\/p>\n<\/div>\n<\/div>\n","protected":false},"excerpt":{"rendered":"<p>Am 1.4.2015 hat das Bundeskabinett ein Gesetzespaket zu Fracking auf den Weg gebracht, das die gef\u00e4hrliche F\u00f6rdertechnologie in Deutschland erlaubt. Das Gesetz sollte noch vor der Sommerpause vom Bundestag beschlossen werden. Am 30.6.2015 wurden die Verhandlungen f\u00fcr ein Fracking-Gesetzespaket jedoch abgebrochen. Der BUND sieht darin ein erstes hoffnungsvolles Zeichen im Klimaschutzjahr 2015. Der BUND-Vorsitzende Hubert Weiger: &#8220;Weil CDU und SPD sich nicht einigen konnten, ob der Bundestag oder eine Expertenkommission bei Fracking das letzte Wort haben soll, hat der Widerstand gegen Fracking die Oberhand behalten. Nach mehr als drei Jahren Bem\u00fchungen f\u00fcr ein Fracking-Gesetzespaket muss die Bundesregierung nach dem abermaligen Scheitern endlich einsehen, dass diese Hochrisikotechnologie in Deutschland keine Akzeptanz findet und grunds\u00e4tzlich verboten werden muss.&#8221; Die Bundesregierung sollte das Fracking-Gesetzesvorhaben nun ganz fallenlassen und sich f\u00fcr die effiziente Nutzung von Strom und W\u00e4rme und die F\u00f6rderung von Erneuerbaren stark machen. Schlie\u00dflich kann die F\u00f6rderung von mehr Erd\u00f6l und Erdgas mit immer kostspieligeren und risikoreicheren Methoden B\u00f6den und Trinkwasser irreparabel sch\u00e4digen. Sie f\u00fchrt zu einem Anstieg an klimasch\u00e4dlichen Gasen und beschleunigt den Klimawandel. Der BUND pl\u00e4diert deshalb f\u00fcr ein gesetzliches Verbot von Fracking durch entsprechende \u00c4nderungen des Bundesberggesetzes. Anstatt die Gasf\u00f6rderung in Deutschland per Gesetz auszuweiten, setzt sich der BUND f\u00fcr eine Beschleunigung der Energiewende, den schnelleren Ausbau der erneuerbaren Energien und die konsequente Umsetzung von Energieeffizienzma\u00dfnahmen ein.<\/p>\n","protected":false},"author":1,"featured_media":0,"comment_status":"open","ping_status":"open","sticky":false,"template":"","format":"standard","meta":{"footnotes":""},"categories":[42,67,40,51,64],"tags":[],"jetpack_featured_media_url":"","_links":{"self":[{"href":"http:\/\/www.kunstgalerie-barbara.de\/blog\/wp-json\/wp\/v2\/posts\/15935"}],"collection":[{"href":"http:\/\/www.kunstgalerie-barbara.de\/blog\/wp-json\/wp\/v2\/posts"}],"about":[{"href":"http:\/\/www.kunstgalerie-barbara.de\/blog\/wp-json\/wp\/v2\/types\/post"}],"author":[{"embeddable":true,"href":"http:\/\/www.kunstgalerie-barbara.de\/blog\/wp-json\/wp\/v2\/users\/1"}],"replies":[{"embeddable":true,"href":"http:\/\/www.kunstgalerie-barbara.de\/blog\/wp-json\/wp\/v2\/comments?post=15935"}],"version-history":[{"count":1,"href":"http:\/\/www.kunstgalerie-barbara.de\/blog\/wp-json\/wp\/v2\/posts\/15935\/revisions"}],"predecessor-version":[{"id":15936,"href":"http:\/\/www.kunstgalerie-barbara.de\/blog\/wp-json\/wp\/v2\/posts\/15935\/revisions\/15936"}],"wp:attachment":[{"href":"http:\/\/www.kunstgalerie-barbara.de\/blog\/wp-json\/wp\/v2\/media?parent=15935"}],"wp:term":[{"taxonomy":"category","embeddable":true,"href":"http:\/\/www.kunstgalerie-barbara.de\/blog\/wp-json\/wp\/v2\/categories?post=15935"},{"taxonomy":"post_tag","embeddable":true,"href":"http:\/\/www.kunstgalerie-barbara.de\/blog\/wp-json\/wp\/v2\/tags?post=15935"}],"curies":[{"name":"wp","href":"https:\/\/api.w.org\/{rel}","templated":true}]}}