{"id":15937,"date":"2015-07-01T06:42:51","date_gmt":"2015-07-01T04:42:51","guid":{"rendered":"http:\/\/www.kunstgalerie-barbara.de\/blog\/?p=15937"},"modified":"2015-07-01T06:51:01","modified_gmt":"2015-07-01T04:51:01","slug":"garten-oder-hausbaeume-haben-nicht-nur-einen-ganz-praktischen-efekt-des-schattengebens-im-sommer","status":"publish","type":"post","link":"http:\/\/www.kunstgalerie-barbara.de\/blog\/2015\/07\/garten-oder-hausbaeume-haben-nicht-nur-einen-ganz-praktischen-efekt-des-schattengebens-im-sommer\/","title":{"rendered":"Garten oder Hausb\u00e4ume haben nicht nur einen ganz praktischen Effekt des Schattengebens im Sommer&#8230;"},"content":{"rendered":"<p><a href=\"http:\/\/www.kunstgalerie-barbara.de\/blog\/wp-content\/uploads\/2015\/07\/P1680691-Kopie.jpg\"><img loading=\"lazy\" decoding=\"async\" class=\"aligncenter wp-image-15938 size-full\" src=\"http:\/\/www.kunstgalerie-barbara.de\/blog\/wp-content\/uploads\/2015\/07\/P1680691-Kopie.jpg\" alt=\"P1680691 Kopie\" width=\"470\" height=\"313\" srcset=\"http:\/\/www.kunstgalerie-barbara.de\/blog\/wp-content\/uploads\/2015\/07\/P1680691-Kopie.jpg 470w, http:\/\/www.kunstgalerie-barbara.de\/blog\/wp-content\/uploads\/2015\/07\/P1680691-Kopie-300x200.jpg 300w\" sizes=\"(max-width: 470px) 100vw, 470px\" \/><\/a>&#8230;Hausb\u00e4ume bieten dar\u00fcber hinaus auch kostenlose Konzerte von Singv\u00f6geln!<br \/>\nNicht, da\u00df ich ein Konzert von Bach oder Mozart oder Vivaldi verschm\u00e4he, jedoch das einer Amsel oder eines Zaunk\u00f6nigs ist so unvergleichlich und einmalig, jede Darbietung jedes Geschmetter dieser kleinen Gefiederten ist unwiederholbar und wundersch\u00f6n!<\/p>\n","protected":false},"excerpt":{"rendered":"<p>&#8230;Hausb\u00e4ume bieten dar\u00fcber hinaus auch kostenlose Konzerte von Singv\u00f6geln! Nicht, da\u00df ich ein Konzert von Bach oder Mozart oder Vivaldi verschm\u00e4he, jedoch das einer Amsel oder eines Zaunk\u00f6nigs ist so unvergleichlich und einmalig, jede Darbietung jedes Geschmetter dieser kleinen Gefiederten ist unwiederholbar und wundersch\u00f6n!<\/p>\n","protected":false},"author":1,"featured_media":0,"comment_status":"open","ping_status":"open","sticky":false,"template":"","format":"standard","meta":{"footnotes":""},"categories":[26,67,71,51,64],"tags":[],"jetpack_featured_media_url":"","_links":{"self":[{"href":"http:\/\/www.kunstgalerie-barbara.de\/blog\/wp-json\/wp\/v2\/posts\/15937"}],"collection":[{"href":"http:\/\/www.kunstgalerie-barbara.de\/blog\/wp-json\/wp\/v2\/posts"}],"about":[{"href":"http:\/\/www.kunstgalerie-barbara.de\/blog\/wp-json\/wp\/v2\/types\/post"}],"author":[{"embeddable":true,"href":"http:\/\/www.kunstgalerie-barbara.de\/blog\/wp-json\/wp\/v2\/users\/1"}],"replies":[{"embeddable":true,"href":"http:\/\/www.kunstgalerie-barbara.de\/blog\/wp-json\/wp\/v2\/comments?post=15937"}],"version-history":[{"count":1,"href":"http:\/\/www.kunstgalerie-barbara.de\/blog\/wp-json\/wp\/v2\/posts\/15937\/revisions"}],"predecessor-version":[{"id":15941,"href":"http:\/\/www.kunstgalerie-barbara.de\/blog\/wp-json\/wp\/v2\/posts\/15937\/revisions\/15941"}],"wp:attachment":[{"href":"http:\/\/www.kunstgalerie-barbara.de\/blog\/wp-json\/wp\/v2\/media?parent=15937"}],"wp:term":[{"taxonomy":"category","embeddable":true,"href":"http:\/\/www.kunstgalerie-barbara.de\/blog\/wp-json\/wp\/v2\/categories?post=15937"},{"taxonomy":"post_tag","embeddable":true,"href":"http:\/\/www.kunstgalerie-barbara.de\/blog\/wp-json\/wp\/v2\/tags?post=15937"}],"curies":[{"name":"wp","href":"https:\/\/api.w.org\/{rel}","templated":true}]}}