{"id":15975,"date":"2015-07-12T06:43:27","date_gmt":"2015-07-12T04:43:27","guid":{"rendered":"http:\/\/www.kunstgalerie-barbara.de\/blog\/?p=15975"},"modified":"2015-07-12T06:44:19","modified_gmt":"2015-07-12T04:44:19","slug":"als-tierquaelerei-kann-es-bezeichnet-werden-wenn-alte-kuehe-noch-kaelber-zur-welt-bringen-muessen-und-unter-der-last-ihrer-zu-grossen-euter-fast-zusammenbrechen","status":"publish","type":"post","link":"http:\/\/www.kunstgalerie-barbara.de\/blog\/2015\/07\/als-tierquaelerei-kann-es-bezeichnet-werden-wenn-alte-kuehe-noch-kaelber-zur-welt-bringen-muessen-und-unter-der-last-ihrer-zu-grossen-euter-fast-zusammenbrechen\/","title":{"rendered":"Als Tierqu\u00e4lerei kann es bezeichnet werden, wenn alte K\u00fche noch K\u00e4lber zur Welt bringen m\u00fcssen und unter der Last ihrer zu gro\u00dfen Euter fast zusammenbrechen&#8230;"},"content":{"rendered":"<p><a href=\"http:\/\/www.kunstgalerie-barbara.de\/blog\/wp-content\/uploads\/2015\/07\/Marktimpressionen-Kopie.jpg\"><img loading=\"lazy\" decoding=\"async\" class=\"aligncenter wp-image-15976 size-full\" src=\"http:\/\/www.kunstgalerie-barbara.de\/blog\/wp-content\/uploads\/2015\/07\/Marktimpressionen-Kopie.jpg\" alt=\"Marktimpressionen Kopie\" width=\"479\" height=\"639\" srcset=\"http:\/\/www.kunstgalerie-barbara.de\/blog\/wp-content\/uploads\/2015\/07\/Marktimpressionen-Kopie.jpg 479w, http:\/\/www.kunstgalerie-barbara.de\/blog\/wp-content\/uploads\/2015\/07\/Marktimpressionen-Kopie-225x300.jpg 225w\" sizes=\"(max-width: 479px) 100vw, 479px\" \/><\/a>&#8230;aber auch j\u00fcngere K\u00fche tragen zu schwer an ihren \u00fcbergro\u00dfen Eutern, so ist es nicht verwunderlich, da\u00df sie es vorziehen den Tag liegend zu verbringen!<\/p>\n","protected":false},"excerpt":{"rendered":"<p>&#8230;aber auch j\u00fcngere K\u00fche tragen zu schwer an ihren \u00fcbergro\u00dfen Eutern, so ist es nicht verwunderlich, da\u00df sie es vorziehen den Tag liegend zu verbringen!<\/p>\n","protected":false},"author":1,"featured_media":0,"comment_status":"open","ping_status":"open","sticky":false,"template":"","format":"standard","meta":{"footnotes":""},"categories":[42,71,51],"tags":[],"jetpack_featured_media_url":"","_links":{"self":[{"href":"http:\/\/www.kunstgalerie-barbara.de\/blog\/wp-json\/wp\/v2\/posts\/15975"}],"collection":[{"href":"http:\/\/www.kunstgalerie-barbara.de\/blog\/wp-json\/wp\/v2\/posts"}],"about":[{"href":"http:\/\/www.kunstgalerie-barbara.de\/blog\/wp-json\/wp\/v2\/types\/post"}],"author":[{"embeddable":true,"href":"http:\/\/www.kunstgalerie-barbara.de\/blog\/wp-json\/wp\/v2\/users\/1"}],"replies":[{"embeddable":true,"href":"http:\/\/www.kunstgalerie-barbara.de\/blog\/wp-json\/wp\/v2\/comments?post=15975"}],"version-history":[{"count":1,"href":"http:\/\/www.kunstgalerie-barbara.de\/blog\/wp-json\/wp\/v2\/posts\/15975\/revisions"}],"predecessor-version":[{"id":15978,"href":"http:\/\/www.kunstgalerie-barbara.de\/blog\/wp-json\/wp\/v2\/posts\/15975\/revisions\/15978"}],"wp:attachment":[{"href":"http:\/\/www.kunstgalerie-barbara.de\/blog\/wp-json\/wp\/v2\/media?parent=15975"}],"wp:term":[{"taxonomy":"category","embeddable":true,"href":"http:\/\/www.kunstgalerie-barbara.de\/blog\/wp-json\/wp\/v2\/categories?post=15975"},{"taxonomy":"post_tag","embeddable":true,"href":"http:\/\/www.kunstgalerie-barbara.de\/blog\/wp-json\/wp\/v2\/tags?post=15975"}],"curies":[{"name":"wp","href":"https:\/\/api.w.org\/{rel}","templated":true}]}}