{"id":16046,"date":"2015-07-28T06:43:05","date_gmt":"2015-07-28T04:43:05","guid":{"rendered":"http:\/\/www.kunstgalerie-barbara.de\/blog\/?p=16046"},"modified":"2015-07-28T06:43:05","modified_gmt":"2015-07-28T04:43:05","slug":"sieht-nicht-so-aus-ist-aber-ein-wildkaetzchen-das-mit-seiner-mutter-in-der-naehe-von-fischerhude-lebt-es-ist-natuerlich-keine-echte-wildkatze-sondern-eine-verwilderte-katzenart-man-sollte-nicht-v","status":"publish","type":"post","link":"http:\/\/www.kunstgalerie-barbara.de\/blog\/2015\/07\/sieht-nicht-so-aus-ist-aber-ein-wildkaetzchen-das-mit-seiner-mutter-in-der-naehe-von-fischerhude-lebt-es-ist-natuerlich-keine-echte-wildkatze-sondern-eine-verwilderte-katzenart-man-sollte-nicht-v\/","title":{"rendered":"Sieht nicht so aus, ist aber ein Wildk\u00e4tzchen, das mit seiner Mutter in der N\u00e4he von Fischerhude lebt. Es ist nat\u00fcrlich keine echte Wildkatze, sondern eine verwilderte Katzenart. Man sollte nicht versuchen sie anzufassen und zu streicheln auch nicht, wenn sie j\u00e4mmerlich miaute wie diese, es w\u00fcrde mit erheblichen Blessuren auf Seiten des Streichlers enden!"},"content":{"rendered":"<p><a href=\"http:\/\/www.kunstgalerie-barbara.de\/blog\/wp-content\/uploads\/2015\/07\/P1700549-Kopie.jpg\"><img loading=\"lazy\" decoding=\"async\" class=\"aligncenter wp-image-16047 size-full\" src=\"http:\/\/www.kunstgalerie-barbara.de\/blog\/wp-content\/uploads\/2015\/07\/P1700549-Kopie.jpg\" alt=\"P1700549 Kopie\" width=\"470\" height=\"315\" srcset=\"http:\/\/www.kunstgalerie-barbara.de\/blog\/wp-content\/uploads\/2015\/07\/P1700549-Kopie.jpg 470w, http:\/\/www.kunstgalerie-barbara.de\/blog\/wp-content\/uploads\/2015\/07\/P1700549-Kopie-300x201.jpg 300w\" sizes=\"(max-width: 470px) 100vw, 470px\" \/><\/a><\/p>\n","protected":false},"excerpt":{"rendered":"","protected":false},"author":1,"featured_media":0,"comment_status":"open","ping_status":"open","sticky":false,"template":"","format":"standard","meta":{"footnotes":""},"categories":[71,51],"tags":[],"jetpack_featured_media_url":"","_links":{"self":[{"href":"http:\/\/www.kunstgalerie-barbara.de\/blog\/wp-json\/wp\/v2\/posts\/16046"}],"collection":[{"href":"http:\/\/www.kunstgalerie-barbara.de\/blog\/wp-json\/wp\/v2\/posts"}],"about":[{"href":"http:\/\/www.kunstgalerie-barbara.de\/blog\/wp-json\/wp\/v2\/types\/post"}],"author":[{"embeddable":true,"href":"http:\/\/www.kunstgalerie-barbara.de\/blog\/wp-json\/wp\/v2\/users\/1"}],"replies":[{"embeddable":true,"href":"http:\/\/www.kunstgalerie-barbara.de\/blog\/wp-json\/wp\/v2\/comments?post=16046"}],"version-history":[{"count":1,"href":"http:\/\/www.kunstgalerie-barbara.de\/blog\/wp-json\/wp\/v2\/posts\/16046\/revisions"}],"predecessor-version":[{"id":16048,"href":"http:\/\/www.kunstgalerie-barbara.de\/blog\/wp-json\/wp\/v2\/posts\/16046\/revisions\/16048"}],"wp:attachment":[{"href":"http:\/\/www.kunstgalerie-barbara.de\/blog\/wp-json\/wp\/v2\/media?parent=16046"}],"wp:term":[{"taxonomy":"category","embeddable":true,"href":"http:\/\/www.kunstgalerie-barbara.de\/blog\/wp-json\/wp\/v2\/categories?post=16046"},{"taxonomy":"post_tag","embeddable":true,"href":"http:\/\/www.kunstgalerie-barbara.de\/blog\/wp-json\/wp\/v2\/tags?post=16046"}],"curies":[{"name":"wp","href":"https:\/\/api.w.org\/{rel}","templated":true}]}}