{"id":16049,"date":"2015-07-29T04:25:59","date_gmt":"2015-07-29T02:25:59","guid":{"rendered":"http:\/\/www.kunstgalerie-barbara.de\/blog\/?p=16049"},"modified":"2015-07-29T04:29:29","modified_gmt":"2015-07-29T02:29:29","slug":"niemand-muss-kosmetik-mit-mikroplastik-kaufen-denn-es-gibt-genuegend-alternativen-in-reformhaeusern-und-biolaeden-werden-sie-angeboten","status":"publish","type":"post","link":"http:\/\/www.kunstgalerie-barbara.de\/blog\/2015\/07\/niemand-muss-kosmetik-mit-mikroplastik-kaufen-denn-es-gibt-genuegend-alternativen-in-reformhaeusern-und-biolaeden-werden-sie-angeboten\/","title":{"rendered":"Niemand mu\u00df Kosmetik mit Mikroplastik kaufen, denn es gibt gen\u00fcgend Alternativen! In Reformh\u00e4usern und Biol\u00e4den werden sie angeboten!"},"content":{"rendered":"<p>BUND.net &gt; Aktiv werden &gt; Aktionen &gt; F\u00fcr die Meere und f\u00fcr dich: Gib uns dein Wort!<br \/>\nKegelrobbe: istockphoto.com\/ nishanga<\/p>\n<p>In zahllosen Kosmetik- und Pflegeprodukten steckt winziges Mikroplastik, das \u00fcber den Umweg &#8220;Dusche \u2013 Abfluss \u2013 Abwasser&#8221; in unseren Fl\u00fcssen und Meeren landet. Dort wirken die Teilchen wie Magnete auf Umweltgifte, Tiere fressen die Plastikteilchen und Mikroplastik gelangt so in die Nahrungskette \u2013 im Zweifelsfall also auch auf unsere Teller. Doch der \u00f6ffentliche Protest von uns VerbraucherInnen gegen Mikroplastik zeigt Wirkung: Einige Kosmetikhersteller \u00e4ndern ihre Produktformeln. Der US-Staat Illinois leitet ein Verbot ein. Die Vereinten Nationen fordern den weltweiten Ausstieg aus Mikroplastik in Kosmetik. Mehr&#8230;<\/p>\n<p>Jetzt m\u00fcssen wir dran bleiben und den Konzernen zeigen, dass wir uns nicht mit Plastik schminken, peelen oder pflegen wollen! Schickt den Konzernen jetzt ein klares Signal, indem ihr sagt:<br \/>\n&#8220;Ich werde keine Kosmetik mit Mikroplastik mehr kaufen!&#8221;<\/p>\n","protected":false},"excerpt":{"rendered":"<p>BUND.net &gt; Aktiv werden &gt; Aktionen &gt; F\u00fcr die Meere und f\u00fcr dich: Gib uns dein Wort! Kegelrobbe: istockphoto.com\/ nishanga In zahllosen Kosmetik- und Pflegeprodukten steckt winziges Mikroplastik, das \u00fcber den Umweg &#8220;Dusche \u2013 Abfluss \u2013 Abwasser&#8221; in unseren Fl\u00fcssen und Meeren landet. Dort wirken die Teilchen wie Magnete auf Umweltgifte, Tiere fressen die Plastikteilchen und Mikroplastik gelangt so in die Nahrungskette \u2013 im Zweifelsfall also auch auf unsere Teller. Doch der \u00f6ffentliche Protest von uns VerbraucherInnen gegen Mikroplastik zeigt Wirkung: Einige Kosmetikhersteller \u00e4ndern ihre Produktformeln. Der US-Staat Illinois leitet ein Verbot ein. Die Vereinten Nationen fordern den weltweiten Ausstieg aus Mikroplastik in Kosmetik. Mehr&#8230; Jetzt m\u00fcssen wir dran bleiben und den Konzernen zeigen, dass wir uns nicht mit Plastik schminken, peelen oder pflegen wollen! Schickt den Konzernen jetzt ein klares Signal, indem ihr sagt: &#8220;Ich werde keine Kosmetik mit Mikroplastik mehr kaufen!&#8221;<\/p>\n","protected":false},"author":1,"featured_media":0,"comment_status":"open","ping_status":"open","sticky":false,"template":"","format":"standard","meta":{"footnotes":""},"categories":[42,67,40,51,64],"tags":[],"jetpack_featured_media_url":"","_links":{"self":[{"href":"http:\/\/www.kunstgalerie-barbara.de\/blog\/wp-json\/wp\/v2\/posts\/16049"}],"collection":[{"href":"http:\/\/www.kunstgalerie-barbara.de\/blog\/wp-json\/wp\/v2\/posts"}],"about":[{"href":"http:\/\/www.kunstgalerie-barbara.de\/blog\/wp-json\/wp\/v2\/types\/post"}],"author":[{"embeddable":true,"href":"http:\/\/www.kunstgalerie-barbara.de\/blog\/wp-json\/wp\/v2\/users\/1"}],"replies":[{"embeddable":true,"href":"http:\/\/www.kunstgalerie-barbara.de\/blog\/wp-json\/wp\/v2\/comments?post=16049"}],"version-history":[{"count":1,"href":"http:\/\/www.kunstgalerie-barbara.de\/blog\/wp-json\/wp\/v2\/posts\/16049\/revisions"}],"predecessor-version":[{"id":16054,"href":"http:\/\/www.kunstgalerie-barbara.de\/blog\/wp-json\/wp\/v2\/posts\/16049\/revisions\/16054"}],"wp:attachment":[{"href":"http:\/\/www.kunstgalerie-barbara.de\/blog\/wp-json\/wp\/v2\/media?parent=16049"}],"wp:term":[{"taxonomy":"category","embeddable":true,"href":"http:\/\/www.kunstgalerie-barbara.de\/blog\/wp-json\/wp\/v2\/categories?post=16049"},{"taxonomy":"post_tag","embeddable":true,"href":"http:\/\/www.kunstgalerie-barbara.de\/blog\/wp-json\/wp\/v2\/tags?post=16049"}],"curies":[{"name":"wp","href":"https:\/\/api.w.org\/{rel}","templated":true}]}}