{"id":16096,"date":"2015-08-05T06:51:55","date_gmt":"2015-08-05T04:51:55","guid":{"rendered":"http:\/\/www.kunstgalerie-barbara.de\/blog\/?p=16096"},"modified":"2015-08-05T06:51:55","modified_gmt":"2015-08-05T04:51:55","slug":"nur-einer-von-einer-menge-wunderschoener-uralter-baeume-die-momentan-im-bremer-buergerpark-gefaellt-werden","status":"publish","type":"post","link":"http:\/\/www.kunstgalerie-barbara.de\/blog\/2015\/08\/nur-einer-von-einer-menge-wunderschoener-uralter-baeume-die-momentan-im-bremer-buergerpark-gefaellt-werden\/","title":{"rendered":"Nur einer von einer Menge wundersch\u00f6ner uralter B\u00e4ume, die momentan im Bremer B\u00fcrgerpark gef\u00e4llt werden&#8230;"},"content":{"rendered":"<p><a href=\"http:\/\/www.kunstgalerie-barbara.de\/blog\/wp-content\/uploads\/2015\/08\/P1700984-Kopie.jpg\"><img loading=\"lazy\" decoding=\"async\" class=\"aligncenter wp-image-16097 size-full\" src=\"http:\/\/www.kunstgalerie-barbara.de\/blog\/wp-content\/uploads\/2015\/08\/P1700984-Kopie.jpg\" alt=\"P1700984 Kopie\" width=\"470\" height=\"242\" srcset=\"http:\/\/www.kunstgalerie-barbara.de\/blog\/wp-content\/uploads\/2015\/08\/P1700984-Kopie.jpg 470w, http:\/\/www.kunstgalerie-barbara.de\/blog\/wp-content\/uploads\/2015\/08\/P1700984-Kopie-300x154.jpg 300w\" sizes=\"(max-width: 470px) 100vw, 470px\" \/><\/a>&#8230; von neu gepflanzten B\u00e4umen haben leider nur Menschen in hundert oder hundertf\u00fcnfzig Jahren etwas, denn so lange dauert es, bis sie wirklich eine optimale Gr\u00f6\u00dfe und Wirkung erreicht haben! Insofern k\u00f6nnen wir unendlich dankbar sein, da\u00df die, die seinerzeit Mitte des Neunzehnten Jahrhunderts den B\u00fcrgerpark planten jahrhundert\u00fcbergreifend zu denken vermochten, denn wir profitieren heute davon!<\/p>\n","protected":false},"excerpt":{"rendered":"<p>&#8230; von neu gepflanzten B\u00e4umen haben leider nur Menschen in hundert oder hundertf\u00fcnfzig Jahren etwas, denn so lange dauert es, bis sie wirklich eine optimale Gr\u00f6\u00dfe und Wirkung erreicht haben! Insofern k\u00f6nnen wir unendlich dankbar sein, da\u00df die, die seinerzeit Mitte des Neunzehnten Jahrhunderts den B\u00fcrgerpark planten jahrhundert\u00fcbergreifend zu denken vermochten, denn wir profitieren heute davon!<\/p>\n","protected":false},"author":1,"featured_media":0,"comment_status":"open","ping_status":"open","sticky":false,"template":"","format":"standard","meta":{"footnotes":""},"categories":[70,51,64],"tags":[],"jetpack_featured_media_url":"","_links":{"self":[{"href":"http:\/\/www.kunstgalerie-barbara.de\/blog\/wp-json\/wp\/v2\/posts\/16096"}],"collection":[{"href":"http:\/\/www.kunstgalerie-barbara.de\/blog\/wp-json\/wp\/v2\/posts"}],"about":[{"href":"http:\/\/www.kunstgalerie-barbara.de\/blog\/wp-json\/wp\/v2\/types\/post"}],"author":[{"embeddable":true,"href":"http:\/\/www.kunstgalerie-barbara.de\/blog\/wp-json\/wp\/v2\/users\/1"}],"replies":[{"embeddable":true,"href":"http:\/\/www.kunstgalerie-barbara.de\/blog\/wp-json\/wp\/v2\/comments?post=16096"}],"version-history":[{"count":1,"href":"http:\/\/www.kunstgalerie-barbara.de\/blog\/wp-json\/wp\/v2\/posts\/16096\/revisions"}],"predecessor-version":[{"id":16098,"href":"http:\/\/www.kunstgalerie-barbara.de\/blog\/wp-json\/wp\/v2\/posts\/16096\/revisions\/16098"}],"wp:attachment":[{"href":"http:\/\/www.kunstgalerie-barbara.de\/blog\/wp-json\/wp\/v2\/media?parent=16096"}],"wp:term":[{"taxonomy":"category","embeddable":true,"href":"http:\/\/www.kunstgalerie-barbara.de\/blog\/wp-json\/wp\/v2\/categories?post=16096"},{"taxonomy":"post_tag","embeddable":true,"href":"http:\/\/www.kunstgalerie-barbara.de\/blog\/wp-json\/wp\/v2\/tags?post=16096"}],"curies":[{"name":"wp","href":"https:\/\/api.w.org\/{rel}","templated":true}]}}