{"id":16106,"date":"2015-08-08T06:38:50","date_gmt":"2015-08-08T04:38:50","guid":{"rendered":"http:\/\/www.kunstgalerie-barbara.de\/blog\/?p=16106"},"modified":"2015-08-08T06:38:50","modified_gmt":"2015-08-08T04:38:50","slug":"keine-wirkliche-nur-eine-uebergangsloesung","status":"publish","type":"post","link":"http:\/\/www.kunstgalerie-barbara.de\/blog\/2015\/08\/keine-wirkliche-nur-eine-uebergangsloesung\/","title":{"rendered":"Keine wirkliche, nur eine \u00dcbergangsl\u00f6sung&#8230;"},"content":{"rendered":"<p><a href=\"http:\/\/www.kunstgalerie-barbara.de\/blog\/wp-content\/uploads\/2015\/08\/P1700939-Kopie.jpg\"><img loading=\"lazy\" decoding=\"async\" class=\"aligncenter wp-image-16108 size-full\" src=\"http:\/\/www.kunstgalerie-barbara.de\/blog\/wp-content\/uploads\/2015\/08\/P1700939-Kopie.jpg\" alt=\"P1700939 Kopie\" width=\"470\" height=\"315\" srcset=\"http:\/\/www.kunstgalerie-barbara.de\/blog\/wp-content\/uploads\/2015\/08\/P1700939-Kopie.jpg 470w, http:\/\/www.kunstgalerie-barbara.de\/blog\/wp-content\/uploads\/2015\/08\/P1700939-Kopie-300x201.jpg 300w\" sizes=\"(max-width: 470px) 100vw, 470px\" \/><\/a><\/p>\n<p><a href=\"http:\/\/www.kunstgalerie-barbara.de\/blog\/wp-content\/uploads\/2015\/08\/P1700941-Kopie.jpg\"><img loading=\"lazy\" decoding=\"async\" class=\"aligncenter wp-image-16107 size-full\" src=\"http:\/\/www.kunstgalerie-barbara.de\/blog\/wp-content\/uploads\/2015\/08\/P1700941-Kopie.jpg\" alt=\"P1700941 Kopie\" width=\"470\" height=\"313\" srcset=\"http:\/\/www.kunstgalerie-barbara.de\/blog\/wp-content\/uploads\/2015\/08\/P1700941-Kopie.jpg 470w, http:\/\/www.kunstgalerie-barbara.de\/blog\/wp-content\/uploads\/2015\/08\/P1700941-Kopie-300x200.jpg 300w\" sizes=\"(max-width: 470px) 100vw, 470px\" \/><\/a> &#8230; kann es sein, Zeltst\u00e4dte und oder Container f\u00fcr Asylbewerber zu errichten! Auch \u00dcbergangsheime wie jetzt in der \u00dcberseestadt Bremens gebaut, sind nicht die richtige L\u00f6sung.<br \/>\nDie w\u00e4re, daf\u00fcr zu sorgen, da\u00df Kriegsgebiete im Nahen Osten in Syrien und in Afrika keine mehr sind und die Menschen, die nicht wirklich gerne in Zelten und in Containern leben, in ihre Heimat zur\u00fcckkehren k\u00f6nnen. Auch ist es endlich an der Zeit aufzuh\u00f6ren, die Menschen in Schwarzafrika mit subvetionierten EU Lebensmitteln zu \u00fcbersch\u00fctten, die in Afrika preiswerter angeboten werden, als die im eigenen Land produzierten! Afrikaner k\u00f6nnten sich sehr wohl durch ihre eigene H\u00e4nde Arbeit ern\u00e4hren und w\u00e4ren keineswegs gezwungen als Wirtschaftsfl\u00fcchtlinge bei uns in der EU Asyl zu suchen! Nicht nur die Fl\u00fcchtlinge, nein auch wir Europ\u00e4er sind letzendlich mit dieser Situation mehr als \u00fcberfordert!<\/p>\n","protected":false},"excerpt":{"rendered":"<p>&#8230; kann es sein, Zeltst\u00e4dte und oder Container f\u00fcr Asylbewerber zu errichten! Auch \u00dcbergangsheime wie jetzt in der \u00dcberseestadt Bremens gebaut, sind nicht die richtige L\u00f6sung. Die w\u00e4re, daf\u00fcr zu sorgen, da\u00df Kriegsgebiete im Nahen Osten in Syrien und in Afrika keine mehr sind und die Menschen, die nicht wirklich gerne in Zelten und in Containern leben, in ihre Heimat zur\u00fcckkehren k\u00f6nnen. Auch ist es endlich an der Zeit aufzuh\u00f6ren, die Menschen in Schwarzafrika mit subvetionierten EU Lebensmitteln zu \u00fcbersch\u00fctten, die in Afrika preiswerter angeboten werden, als die im eigenen Land produzierten! Afrikaner k\u00f6nnten sich sehr wohl durch ihre eigene H\u00e4nde Arbeit ern\u00e4hren und w\u00e4ren keineswegs gezwungen als Wirtschaftsfl\u00fcchtlinge bei uns in der EU Asyl zu suchen! Nicht nur die Fl\u00fcchtlinge, nein auch wir Europ\u00e4er sind letzendlich mit dieser Situation mehr als \u00fcberfordert!<\/p>\n","protected":false},"author":1,"featured_media":0,"comment_status":"open","ping_status":"open","sticky":false,"template":"","format":"standard","meta":{"footnotes":""},"categories":[70],"tags":[],"jetpack_featured_media_url":"","_links":{"self":[{"href":"http:\/\/www.kunstgalerie-barbara.de\/blog\/wp-json\/wp\/v2\/posts\/16106"}],"collection":[{"href":"http:\/\/www.kunstgalerie-barbara.de\/blog\/wp-json\/wp\/v2\/posts"}],"about":[{"href":"http:\/\/www.kunstgalerie-barbara.de\/blog\/wp-json\/wp\/v2\/types\/post"}],"author":[{"embeddable":true,"href":"http:\/\/www.kunstgalerie-barbara.de\/blog\/wp-json\/wp\/v2\/users\/1"}],"replies":[{"embeddable":true,"href":"http:\/\/www.kunstgalerie-barbara.de\/blog\/wp-json\/wp\/v2\/comments?post=16106"}],"version-history":[{"count":1,"href":"http:\/\/www.kunstgalerie-barbara.de\/blog\/wp-json\/wp\/v2\/posts\/16106\/revisions"}],"predecessor-version":[{"id":16109,"href":"http:\/\/www.kunstgalerie-barbara.de\/blog\/wp-json\/wp\/v2\/posts\/16106\/revisions\/16109"}],"wp:attachment":[{"href":"http:\/\/www.kunstgalerie-barbara.de\/blog\/wp-json\/wp\/v2\/media?parent=16106"}],"wp:term":[{"taxonomy":"category","embeddable":true,"href":"http:\/\/www.kunstgalerie-barbara.de\/blog\/wp-json\/wp\/v2\/categories?post=16106"},{"taxonomy":"post_tag","embeddable":true,"href":"http:\/\/www.kunstgalerie-barbara.de\/blog\/wp-json\/wp\/v2\/tags?post=16106"}],"curies":[{"name":"wp","href":"https:\/\/api.w.org\/{rel}","templated":true}]}}