{"id":16132,"date":"2015-08-13T05:49:26","date_gmt":"2015-08-13T03:49:26","guid":{"rendered":"http:\/\/www.kunstgalerie-barbara.de\/blog\/?p=16132"},"modified":"2015-10-11T06:04:07","modified_gmt":"2015-10-11T04:04:07","slug":"impressionen-von-der-eroeffnung-der-sail-bremerhaven-2015","status":"publish","type":"post","link":"http:\/\/www.kunstgalerie-barbara.de\/blog\/2015\/08\/impressionen-von-der-eroeffnung-der-sail-bremerhaven-2015\/","title":{"rendered":"Impressionen von der Er\u00f6ffnung der Sail Bremerhaven 2015"},"content":{"rendered":"<div class=\"_5pbx userContent\" data-ft=\"{&quot;tn&quot;:&quot;K&quot;}\">\n<p><a href=\"http:\/\/www.kunstgalerie-barbara.de\/blog\/wp-content\/uploads\/2015\/08\/Sail-2015-Kopie.jpg\"><img loading=\"lazy\" decoding=\"async\" class=\"aligncenter wp-image-16133 size-full\" src=\"http:\/\/www.kunstgalerie-barbara.de\/blog\/wp-content\/uploads\/2015\/08\/Sail-2015-Kopie.jpg\" alt=\"Sail 2015 Kopie\" width=\"450\" height=\"600\" srcset=\"http:\/\/www.kunstgalerie-barbara.de\/blog\/wp-content\/uploads\/2015\/08\/Sail-2015-Kopie.jpg 450w, http:\/\/www.kunstgalerie-barbara.de\/blog\/wp-content\/uploads\/2015\/08\/Sail-2015-Kopie-225x300.jpg 225w\" sizes=\"(max-width: 450px) 100vw, 450px\" \/><\/a><\/p>\n<p>Das, was die Beobachtenden anvisieren, die einlaufenden Gro\u00dfsegler sind nicht, wie man vermuten k\u00f6nnte, dicht dran, nein das Geschehen findet\u00a0 mehrere Kilometer weit weg in der Weserm\u00fcndung statt! Es ist demnach f\u00fcr die Zuschauer kaum erkennbar. Sailfans scheinen verdammt geduldig und extrem gen\u00fcgsam zu sein! Ich konnte es lediglich mit meinem Zoom erkennbar machen! Im \u00dcbrigen ist dieses Einlaufen der Segler f\u00fcr jeden Sailfan eine wahre Geduldsprobe und ein Entschleunigundtrainig, denn genau wie in der guten alten Zeit, geht alles in Zeitlupe vonstatten, also ganz, ganz langsam, was aber vielleicht auch an der Flaute gelegen haben mag!<\/p>\n<\/div>\n","protected":false},"excerpt":{"rendered":"<p>Das, was die Beobachtenden anvisieren, die einlaufenden Gro\u00dfsegler sind nicht, wie man vermuten k\u00f6nnte, dicht dran, nein das Geschehen findet\u00a0 mehrere Kilometer weit weg in der Weserm\u00fcndung statt! Es ist demnach f\u00fcr die Zuschauer kaum erkennbar. Sailfans scheinen verdammt geduldig und extrem gen\u00fcgsam zu sein! Ich konnte es lediglich mit meinem Zoom erkennbar machen! Im \u00dcbrigen ist dieses Einlaufen der Segler f\u00fcr jeden Sailfan eine wahre Geduldsprobe und ein Entschleunigundtrainig, denn genau wie in der guten alten Zeit, geht alles in Zeitlupe vonstatten, also ganz, ganz langsam, was aber vielleicht auch an der Flaute gelegen haben mag!<\/p>\n","protected":false},"author":1,"featured_media":0,"comment_status":"open","ping_status":"open","sticky":false,"template":"","format":"standard","meta":{"footnotes":""},"categories":[70,51],"tags":[],"jetpack_featured_media_url":"","_links":{"self":[{"href":"http:\/\/www.kunstgalerie-barbara.de\/blog\/wp-json\/wp\/v2\/posts\/16132"}],"collection":[{"href":"http:\/\/www.kunstgalerie-barbara.de\/blog\/wp-json\/wp\/v2\/posts"}],"about":[{"href":"http:\/\/www.kunstgalerie-barbara.de\/blog\/wp-json\/wp\/v2\/types\/post"}],"author":[{"embeddable":true,"href":"http:\/\/www.kunstgalerie-barbara.de\/blog\/wp-json\/wp\/v2\/users\/1"}],"replies":[{"embeddable":true,"href":"http:\/\/www.kunstgalerie-barbara.de\/blog\/wp-json\/wp\/v2\/comments?post=16132"}],"version-history":[{"count":1,"href":"http:\/\/www.kunstgalerie-barbara.de\/blog\/wp-json\/wp\/v2\/posts\/16132\/revisions"}],"predecessor-version":[{"id":16428,"href":"http:\/\/www.kunstgalerie-barbara.de\/blog\/wp-json\/wp\/v2\/posts\/16132\/revisions\/16428"}],"wp:attachment":[{"href":"http:\/\/www.kunstgalerie-barbara.de\/blog\/wp-json\/wp\/v2\/media?parent=16132"}],"wp:term":[{"taxonomy":"category","embeddable":true,"href":"http:\/\/www.kunstgalerie-barbara.de\/blog\/wp-json\/wp\/v2\/categories?post=16132"},{"taxonomy":"post_tag","embeddable":true,"href":"http:\/\/www.kunstgalerie-barbara.de\/blog\/wp-json\/wp\/v2\/tags?post=16132"}],"curies":[{"name":"wp","href":"https:\/\/api.w.org\/{rel}","templated":true}]}}