{"id":16139,"date":"2015-08-15T05:53:51","date_gmt":"2015-08-15T03:53:51","guid":{"rendered":"http:\/\/www.kunstgalerie-barbara.de\/blog\/?p=16139"},"modified":"2026-04-18T11:24:10","modified_gmt":"2026-04-18T09:24:10","slug":"die-bremer-schweiz","status":"publish","type":"post","link":"http:\/\/www.kunstgalerie-barbara.de\/blog\/2015\/08\/die-bremer-schweiz\/","title":{"rendered":"Die Bremer Schweiz&#8230;"},"content":{"rendered":"<p><a href=\"http:\/\/www.kunstgalerie-barbara.de\/blog\/wp-content\/uploads\/2015\/08\/P1710527-Kopie.jpg\"><img loading=\"lazy\" decoding=\"async\" class=\"aligncenter wp-image-16140 \" src=\"http:\/\/www.kunstgalerie-barbara.de\/blog\/wp-content\/uploads\/2015\/08\/P1710527-Kopie.jpg\" alt=\"P1710527 Kopie\" width=\"673\" height=\"451\" srcset=\"http:\/\/www.kunstgalerie-barbara.de\/blog\/wp-content\/uploads\/2015\/08\/P1710527-Kopie.jpg 470w, http:\/\/www.kunstgalerie-barbara.de\/blog\/wp-content\/uploads\/2015\/08\/P1710527-Kopie-300x201.jpg 300w\" sizes=\"(max-width: 673px) 100vw, 673px\" \/><\/a>&#8230;. eine Parklandschaft im Norden Bremens zwischen Vegesack und Osterholz Scharmbeck! Sanfte H\u00fcgel, verwinkelte T\u00e4ler und Wiesen, die wie Almwiesen anmuten, lassen vergessen, da\u00df wir uns in Norddeutschland befinden!<\/p>\n","protected":false},"excerpt":{"rendered":"<p>&#8230;. eine Parklandschaft im Norden Bremens zwischen Vegesack und Osterholz Scharmbeck! Sanfte H\u00fcgel, verwinkelte T\u00e4ler und Wiesen, die wie Almwiesen anmuten, lassen vergessen, da\u00df wir uns in Norddeutschland befinden!<\/p>\n","protected":false},"author":1,"featured_media":0,"comment_status":"open","ping_status":"open","sticky":false,"template":"","format":"standard","meta":{"footnotes":""},"categories":[70,51],"tags":[],"jetpack_featured_media_url":"","_links":{"self":[{"href":"http:\/\/www.kunstgalerie-barbara.de\/blog\/wp-json\/wp\/v2\/posts\/16139"}],"collection":[{"href":"http:\/\/www.kunstgalerie-barbara.de\/blog\/wp-json\/wp\/v2\/posts"}],"about":[{"href":"http:\/\/www.kunstgalerie-barbara.de\/blog\/wp-json\/wp\/v2\/types\/post"}],"author":[{"embeddable":true,"href":"http:\/\/www.kunstgalerie-barbara.de\/blog\/wp-json\/wp\/v2\/users\/1"}],"replies":[{"embeddable":true,"href":"http:\/\/www.kunstgalerie-barbara.de\/blog\/wp-json\/wp\/v2\/comments?post=16139"}],"version-history":[{"count":2,"href":"http:\/\/www.kunstgalerie-barbara.de\/blog\/wp-json\/wp\/v2\/posts\/16139\/revisions"}],"predecessor-version":[{"id":24196,"href":"http:\/\/www.kunstgalerie-barbara.de\/blog\/wp-json\/wp\/v2\/posts\/16139\/revisions\/24196"}],"wp:attachment":[{"href":"http:\/\/www.kunstgalerie-barbara.de\/blog\/wp-json\/wp\/v2\/media?parent=16139"}],"wp:term":[{"taxonomy":"category","embeddable":true,"href":"http:\/\/www.kunstgalerie-barbara.de\/blog\/wp-json\/wp\/v2\/categories?post=16139"},{"taxonomy":"post_tag","embeddable":true,"href":"http:\/\/www.kunstgalerie-barbara.de\/blog\/wp-json\/wp\/v2\/tags?post=16139"}],"curies":[{"name":"wp","href":"https:\/\/api.w.org\/{rel}","templated":true}]}}