{"id":16233,"date":"2015-09-02T08:41:05","date_gmt":"2015-09-02T06:41:05","guid":{"rendered":"http:\/\/www.kunstgalerie-barbara.de\/blog\/?p=16233"},"modified":"2015-09-02T08:41:05","modified_gmt":"2015-09-02T06:41:05","slug":"spinnen-sind-aeusserst-nuetzlich-so-auch-diese-wespenspinne","status":"publish","type":"post","link":"http:\/\/www.kunstgalerie-barbara.de\/blog\/2015\/09\/spinnen-sind-aeusserst-nuetzlich-so-auch-diese-wespenspinne\/","title":{"rendered":"Spinnen sind \u00e4u\u00dferst n\u00fctzlich, so auch diese Wespenspinne&#8230;&#8230;"},"content":{"rendered":"<p><a href=\"http:\/\/www.kunstgalerie-barbara.de\/blog\/wp-content\/uploads\/2015\/09\/P1360454-Kopie.jpg\"><img loading=\"lazy\" decoding=\"async\" class=\"aligncenter wp-image-16234 size-full\" src=\"http:\/\/www.kunstgalerie-barbara.de\/blog\/wp-content\/uploads\/2015\/09\/P1360454-Kopie.jpg\" alt=\"P1360454 Kopie\" width=\"408\" height=\"608\" srcset=\"http:\/\/www.kunstgalerie-barbara.de\/blog\/wp-content\/uploads\/2015\/09\/P1360454-Kopie.jpg 408w, http:\/\/www.kunstgalerie-barbara.de\/blog\/wp-content\/uploads\/2015\/09\/P1360454-Kopie-201x300.jpg 201w\" sizes=\"(max-width: 408px) 100vw, 408px\" \/><\/a>&#8230;wir sollten uns nicht vor ihnen f\u00fcrchten, wir sollten sie lieben, denn sie befreien uns von\u00a0 ner Menge uns l\u00e4stiger Kleininsekten, Fliegen, M\u00fccken, Blattl\u00e4use, K\u00e4fer ect. Also nicht Spinnen t\u00f6ten, denn sie sind der Freund jeden G\u00e4rtners und auch bei uns zu Hause sorgen sie f\u00fcr Ordnung!<\/p>\n","protected":false},"excerpt":{"rendered":"<p>&#8230;wir sollten uns nicht vor ihnen f\u00fcrchten, wir sollten sie lieben, denn sie befreien uns von\u00a0 ner Menge uns l\u00e4stiger Kleininsekten, Fliegen, M\u00fccken, Blattl\u00e4use, K\u00e4fer ect. Also nicht Spinnen t\u00f6ten, denn sie sind der Freund jeden G\u00e4rtners und auch bei uns zu Hause sorgen sie f\u00fcr Ordnung!<\/p>\n","protected":false},"author":1,"featured_media":0,"comment_status":"open","ping_status":"open","sticky":false,"template":"","format":"standard","meta":{"footnotes":""},"categories":[73,26,67,71,51,64],"tags":[],"jetpack_featured_media_url":"","_links":{"self":[{"href":"http:\/\/www.kunstgalerie-barbara.de\/blog\/wp-json\/wp\/v2\/posts\/16233"}],"collection":[{"href":"http:\/\/www.kunstgalerie-barbara.de\/blog\/wp-json\/wp\/v2\/posts"}],"about":[{"href":"http:\/\/www.kunstgalerie-barbara.de\/blog\/wp-json\/wp\/v2\/types\/post"}],"author":[{"embeddable":true,"href":"http:\/\/www.kunstgalerie-barbara.de\/blog\/wp-json\/wp\/v2\/users\/1"}],"replies":[{"embeddable":true,"href":"http:\/\/www.kunstgalerie-barbara.de\/blog\/wp-json\/wp\/v2\/comments?post=16233"}],"version-history":[{"count":1,"href":"http:\/\/www.kunstgalerie-barbara.de\/blog\/wp-json\/wp\/v2\/posts\/16233\/revisions"}],"predecessor-version":[{"id":16235,"href":"http:\/\/www.kunstgalerie-barbara.de\/blog\/wp-json\/wp\/v2\/posts\/16233\/revisions\/16235"}],"wp:attachment":[{"href":"http:\/\/www.kunstgalerie-barbara.de\/blog\/wp-json\/wp\/v2\/media?parent=16233"}],"wp:term":[{"taxonomy":"category","embeddable":true,"href":"http:\/\/www.kunstgalerie-barbara.de\/blog\/wp-json\/wp\/v2\/categories?post=16233"},{"taxonomy":"post_tag","embeddable":true,"href":"http:\/\/www.kunstgalerie-barbara.de\/blog\/wp-json\/wp\/v2\/tags?post=16233"}],"curies":[{"name":"wp","href":"https:\/\/api.w.org\/{rel}","templated":true}]}}