{"id":16260,"date":"2015-09-10T09:53:54","date_gmt":"2015-09-10T07:53:54","guid":{"rendered":"http:\/\/www.kunstgalerie-barbara.de\/blog\/?p=16260"},"modified":"2015-09-10T09:53:54","modified_gmt":"2015-09-10T07:53:54","slug":"herbstlich-verschleierte-gaerten","status":"publish","type":"post","link":"http:\/\/www.kunstgalerie-barbara.de\/blog\/2015\/09\/herbstlich-verschleierte-gaerten\/","title":{"rendered":"Herbstlich verschleierte G\u00e4rten&#8230;."},"content":{"rendered":"<p><a href=\"http:\/\/www.kunstgalerie-barbara.de\/blog\/wp-content\/uploads\/2015\/09\/P1720056-Kopie1.jpg\"><img loading=\"lazy\" decoding=\"async\" class=\"aligncenter wp-image-16259 size-full\" src=\"http:\/\/www.kunstgalerie-barbara.de\/blog\/wp-content\/uploads\/2015\/09\/P1720056-Kopie1.jpg\" alt=\"P1720056 Kopie\" width=\"470\" height=\"315\" srcset=\"http:\/\/www.kunstgalerie-barbara.de\/blog\/wp-content\/uploads\/2015\/09\/P1720056-Kopie1.jpg 470w, http:\/\/www.kunstgalerie-barbara.de\/blog\/wp-content\/uploads\/2015\/09\/P1720056-Kopie1-300x201.jpg 300w\" sizes=\"(max-width: 470px) 100vw, 470px\" \/><\/a>&#8230;Spinnen sind wie schon erw\u00e4hnt \u00e4u\u00dferst n\u00fctzliche Tiere, so ganz nebenbei sorgen ihre Spinnennetze, besonders am fr\u00fchen Morgen f\u00fcr zauberhafte Effekte!<\/p>\n","protected":false},"excerpt":{"rendered":"<p>&#8230;Spinnen sind wie schon erw\u00e4hnt \u00e4u\u00dferst n\u00fctzliche Tiere, so ganz nebenbei sorgen ihre Spinnennetze, besonders am fr\u00fchen Morgen f\u00fcr zauberhafte Effekte!<\/p>\n","protected":false},"author":1,"featured_media":0,"comment_status":"open","ping_status":"open","sticky":false,"template":"","format":"standard","meta":{"footnotes":""},"categories":[3],"tags":[],"jetpack_featured_media_url":"","_links":{"self":[{"href":"http:\/\/www.kunstgalerie-barbara.de\/blog\/wp-json\/wp\/v2\/posts\/16260"}],"collection":[{"href":"http:\/\/www.kunstgalerie-barbara.de\/blog\/wp-json\/wp\/v2\/posts"}],"about":[{"href":"http:\/\/www.kunstgalerie-barbara.de\/blog\/wp-json\/wp\/v2\/types\/post"}],"author":[{"embeddable":true,"href":"http:\/\/www.kunstgalerie-barbara.de\/blog\/wp-json\/wp\/v2\/users\/1"}],"replies":[{"embeddable":true,"href":"http:\/\/www.kunstgalerie-barbara.de\/blog\/wp-json\/wp\/v2\/comments?post=16260"}],"version-history":[{"count":1,"href":"http:\/\/www.kunstgalerie-barbara.de\/blog\/wp-json\/wp\/v2\/posts\/16260\/revisions"}],"predecessor-version":[{"id":16261,"href":"http:\/\/www.kunstgalerie-barbara.de\/blog\/wp-json\/wp\/v2\/posts\/16260\/revisions\/16261"}],"wp:attachment":[{"href":"http:\/\/www.kunstgalerie-barbara.de\/blog\/wp-json\/wp\/v2\/media?parent=16260"}],"wp:term":[{"taxonomy":"category","embeddable":true,"href":"http:\/\/www.kunstgalerie-barbara.de\/blog\/wp-json\/wp\/v2\/categories?post=16260"},{"taxonomy":"post_tag","embeddable":true,"href":"http:\/\/www.kunstgalerie-barbara.de\/blog\/wp-json\/wp\/v2\/tags?post=16260"}],"curies":[{"name":"wp","href":"https:\/\/api.w.org\/{rel}","templated":true}]}}