{"id":16282,"date":"2015-09-18T06:00:51","date_gmt":"2015-09-18T04:00:51","guid":{"rendered":"http:\/\/www.kunstgalerie-barbara.de\/blog\/?p=16282"},"modified":"2015-09-18T06:00:51","modified_gmt":"2015-09-18T04:00:51","slug":"tischkraenze-selbst-binden-macht-viel-mehr-spass-als-sie-sich-fertig-zu-kaufen","status":"publish","type":"post","link":"http:\/\/www.kunstgalerie-barbara.de\/blog\/2015\/09\/tischkraenze-selbst-binden-macht-viel-mehr-spass-als-sie-sich-fertig-zu-kaufen\/","title":{"rendered":"Tischkr\u00e4nze selbst binden macht viel mehr Spa\u00df als sie sich fertig zu kaufen&#8230;"},"content":{"rendered":"<p><a href=\"http:\/\/www.kunstgalerie-barbara.de\/blog\/wp-content\/uploads\/2015\/09\/Starkregen-Kopie.jpg\"><img loading=\"lazy\" decoding=\"async\" class=\"aligncenter wp-image-16283 size-full\" src=\"http:\/\/www.kunstgalerie-barbara.de\/blog\/wp-content\/uploads\/2015\/09\/Starkregen-Kopie.jpg\" alt=\"Starkregen Kopie\" width=\"450\" height=\"600\" srcset=\"http:\/\/www.kunstgalerie-barbara.de\/blog\/wp-content\/uploads\/2015\/09\/Starkregen-Kopie.jpg 450w, http:\/\/www.kunstgalerie-barbara.de\/blog\/wp-content\/uploads\/2015\/09\/Starkregen-Kopie-225x300.jpg 225w\" sizes=\"(max-width: 450px) 100vw, 450px\" \/><\/a>&#8230;diesmal sammeln oder schneiden wir ne Menge Wei\u00dfdornzweige und binden uns einen Kranz aus Wei\u00dfdornbeeren.<br \/>\nDas Binden ist \u00fcberhaupt nicht kompliziert: Kleine Wei\u00dfdornbeerenstr\u00e4u\u00dfchen schneiden und sie mit Blumendraht auf einem Strohrohling St\u00fcck f\u00fcr St\u00fcck hintereinander befestigen! Ihr werdet sehen, das Ergebnis kann sich sehen lassen! Selbstverst\u00e4ndlich kann man den Kranz auch als T\u00fcrdeko verwenden!<\/p>\n","protected":false},"excerpt":{"rendered":"<p>&#8230;diesmal sammeln oder schneiden wir ne Menge Wei\u00dfdornzweige und binden uns einen Kranz aus Wei\u00dfdornbeeren. Das Binden ist \u00fcberhaupt nicht kompliziert: Kleine Wei\u00dfdornbeerenstr\u00e4u\u00dfchen schneiden und sie mit Blumendraht auf einem Strohrohling St\u00fcck f\u00fcr St\u00fcck hintereinander befestigen! Ihr werdet sehen, das Ergebnis kann sich sehen lassen! Selbstverst\u00e4ndlich kann man den Kranz auch als T\u00fcrdeko verwenden!<\/p>\n","protected":false},"author":1,"featured_media":0,"comment_status":"open","ping_status":"open","sticky":false,"template":"","format":"standard","meta":{"footnotes":""},"categories":[19,52,51],"tags":[],"jetpack_featured_media_url":"","_links":{"self":[{"href":"http:\/\/www.kunstgalerie-barbara.de\/blog\/wp-json\/wp\/v2\/posts\/16282"}],"collection":[{"href":"http:\/\/www.kunstgalerie-barbara.de\/blog\/wp-json\/wp\/v2\/posts"}],"about":[{"href":"http:\/\/www.kunstgalerie-barbara.de\/blog\/wp-json\/wp\/v2\/types\/post"}],"author":[{"embeddable":true,"href":"http:\/\/www.kunstgalerie-barbara.de\/blog\/wp-json\/wp\/v2\/users\/1"}],"replies":[{"embeddable":true,"href":"http:\/\/www.kunstgalerie-barbara.de\/blog\/wp-json\/wp\/v2\/comments?post=16282"}],"version-history":[{"count":1,"href":"http:\/\/www.kunstgalerie-barbara.de\/blog\/wp-json\/wp\/v2\/posts\/16282\/revisions"}],"predecessor-version":[{"id":16284,"href":"http:\/\/www.kunstgalerie-barbara.de\/blog\/wp-json\/wp\/v2\/posts\/16282\/revisions\/16284"}],"wp:attachment":[{"href":"http:\/\/www.kunstgalerie-barbara.de\/blog\/wp-json\/wp\/v2\/media?parent=16282"}],"wp:term":[{"taxonomy":"category","embeddable":true,"href":"http:\/\/www.kunstgalerie-barbara.de\/blog\/wp-json\/wp\/v2\/categories?post=16282"},{"taxonomy":"post_tag","embeddable":true,"href":"http:\/\/www.kunstgalerie-barbara.de\/blog\/wp-json\/wp\/v2\/tags?post=16282"}],"curies":[{"name":"wp","href":"https:\/\/api.w.org\/{rel}","templated":true}]}}