{"id":16285,"date":"2015-09-19T05:41:21","date_gmt":"2015-09-19T03:41:21","guid":{"rendered":"http:\/\/www.kunstgalerie-barbara.de\/blog\/?p=16285"},"modified":"2015-09-19T08:31:57","modified_gmt":"2015-09-19T06:31:57","slug":"brachen-in-unseren-staedten-sehen-nicht-nur-wunderschoen-aus-nein-sie-sind-auch-rueckzugspunkte-fuer-wildtiere-wie-rotkehlchen-hase-co-leider-wird-ihnen-das-leben-sehr-schwer-gemacht-in-dem-ihne","status":"publish","type":"post","link":"http:\/\/www.kunstgalerie-barbara.de\/blog\/2015\/09\/brachen-in-unseren-staedten-sehen-nicht-nur-wunderschoen-aus-nein-sie-sind-auch-rueckzugspunkte-fuer-wildtiere-wie-rotkehlchen-hase-co-leider-wird-ihnen-das-leben-sehr-schwer-gemacht-in-dem-ihne\/","title":{"rendered":"Brachen in unseren St\u00e4dten sehen nicht nur wundersch\u00f6n aus, nein, sie sind auch R\u00fcckzugspunkte f\u00fcr Wildtiere wie Rotkehlchen, Hase &#038; Co! Leider wird ihnen das Leben sehr schwer gemacht in dem ihnen diese letzten Lebensr\u00e4ume genommen werden und zugebaut werden mit Schikimickiwohnungen und B\u00fcroh\u00e4usern wie beispielsweise in der Bremer \u00dcberseestadt&#8230;"},"content":{"rendered":"<p><a href=\"http:\/\/www.kunstgalerie-barbara.de\/blog\/wp-content\/uploads\/2015\/09\/P1720569-Kopie.jpg\"><img loading=\"lazy\" decoding=\"async\" class=\"aligncenter wp-image-16286 size-full\" src=\"http:\/\/www.kunstgalerie-barbara.de\/blog\/wp-content\/uploads\/2015\/09\/P1720569-Kopie.jpg\" alt=\"P1720569 Kopie\" width=\"470\" height=\"315\" srcset=\"http:\/\/www.kunstgalerie-barbara.de\/blog\/wp-content\/uploads\/2015\/09\/P1720569-Kopie.jpg 470w, http:\/\/www.kunstgalerie-barbara.de\/blog\/wp-content\/uploads\/2015\/09\/P1720569-Kopie-300x201.jpg 300w\" sizes=\"(max-width: 470px) 100vw, 470px\" \/><\/a><\/p>\n","protected":false},"excerpt":{"rendered":"","protected":false},"author":1,"featured_media":0,"comment_status":"open","ping_status":"open","sticky":false,"template":"","format":"standard","meta":{"footnotes":""},"categories":[70,67,51,64],"tags":[],"jetpack_featured_media_url":"","_links":{"self":[{"href":"http:\/\/www.kunstgalerie-barbara.de\/blog\/wp-json\/wp\/v2\/posts\/16285"}],"collection":[{"href":"http:\/\/www.kunstgalerie-barbara.de\/blog\/wp-json\/wp\/v2\/posts"}],"about":[{"href":"http:\/\/www.kunstgalerie-barbara.de\/blog\/wp-json\/wp\/v2\/types\/post"}],"author":[{"embeddable":true,"href":"http:\/\/www.kunstgalerie-barbara.de\/blog\/wp-json\/wp\/v2\/users\/1"}],"replies":[{"embeddable":true,"href":"http:\/\/www.kunstgalerie-barbara.de\/blog\/wp-json\/wp\/v2\/comments?post=16285"}],"version-history":[{"count":1,"href":"http:\/\/www.kunstgalerie-barbara.de\/blog\/wp-json\/wp\/v2\/posts\/16285\/revisions"}],"predecessor-version":[{"id":16293,"href":"http:\/\/www.kunstgalerie-barbara.de\/blog\/wp-json\/wp\/v2\/posts\/16285\/revisions\/16293"}],"wp:attachment":[{"href":"http:\/\/www.kunstgalerie-barbara.de\/blog\/wp-json\/wp\/v2\/media?parent=16285"}],"wp:term":[{"taxonomy":"category","embeddable":true,"href":"http:\/\/www.kunstgalerie-barbara.de\/blog\/wp-json\/wp\/v2\/categories?post=16285"},{"taxonomy":"post_tag","embeddable":true,"href":"http:\/\/www.kunstgalerie-barbara.de\/blog\/wp-json\/wp\/v2\/tags?post=16285"}],"curies":[{"name":"wp","href":"https:\/\/api.w.org\/{rel}","templated":true}]}}