{"id":16288,"date":"2015-09-19T07:05:38","date_gmt":"2015-09-19T05:05:38","guid":{"rendered":"http:\/\/www.kunstgalerie-barbara.de\/blog\/?p=16288"},"modified":"2015-09-20T08:52:17","modified_gmt":"2015-09-20T06:52:17","slug":"in-den-fuenfzigern-des-vergangenen-jahrhunderts-gab-es-noch-ne-menge-freier-flaechen-brachen-oder-ruderalflaechen","status":"publish","type":"post","link":"http:\/\/www.kunstgalerie-barbara.de\/blog\/2015\/09\/in-den-fuenfzigern-des-vergangenen-jahrhunderts-gab-es-noch-ne-menge-freier-flaechen-brachen-oder-ruderalflaechen\/","title":{"rendered":"In den F\u00fcnfzigern des vergangenen Jahrhunderts gab es noch ne Menge Brachen oder Ruderalfl\u00e4chen!"},"content":{"rendered":"<p><a href=\"http:\/\/www.kunstgalerie-barbara.de\/blog\/wp-content\/uploads\/2015\/09\/DSC_0171-Kopie.jpg\"><img loading=\"lazy\" decoding=\"async\" class=\"aligncenter wp-image-16289 size-full\" src=\"http:\/\/www.kunstgalerie-barbara.de\/blog\/wp-content\/uploads\/2015\/09\/DSC_0171-Kopie.jpg\" alt=\"DSC_0171 Kopie\" width=\"470\" height=\"315\" srcset=\"http:\/\/www.kunstgalerie-barbara.de\/blog\/wp-content\/uploads\/2015\/09\/DSC_0171-Kopie.jpg 470w, http:\/\/www.kunstgalerie-barbara.de\/blog\/wp-content\/uploads\/2015\/09\/DSC_0171-Kopie-300x201.jpg 300w\" sizes=\"(max-width: 470px) 100vw, 470px\" \/><\/a>&#8230;Narben des zweiten Weltkriegs, Gebiete auf denen mal vermutlich H\u00e4user gestanden hatten,\u00a0 jetzt aber nur noch wunderbar freie mit sogenanntem Unkraut bewachsene Gebiete! F\u00fcr Kinder das reinste Paradies auf denen sie mitten in der Stadt Abenteuer erleben und sich nach Lust und Laune austoben konnten! Auch in Essen mitten im Ruhrgebiet gab es das und direkt vor unserer Nase, einem Neubaubebiet in dem wir, meine Eltern, meine Gro\u00dfmutter und ich Achtj\u00e4hrige, Mitte der F\u00fcnfziger eine Wohnung bezogen hatten.<!--more--><br \/>\nAus dem zweiten Stock sahen wir direkt auf dieses Niemandsland! Was meine Eltern bei dem Anblick empfanden, wei\u00df ich nicht,\u00a0 ich aber wurde magisch angezogen von diesem gro\u00dfen, unbebautem Areal \u00fcber dem der M\u00e4usebussard kreiste und auf dem im Sommer jede Menge wilde Blumen bl\u00fchten. Diese Blumen wollte ich pfl\u00fccken und ich tat es eines Tages selbstverst\u00e4ndlich auch, was meine Mutter \u00fcberhaupt nicht am\u00fcsierte, denn die Blumen, waren \u00fcber und \u00fcber voll mit Insekten, K\u00e4fern, die sobald sie in einer Vase auf dem Tisch standen, sich auf den Weg machten, unsere Wohnung zu erobern! Es zweites Mal verweigerte meine Mutter zu meinem gro\u00dfen Bedauern schlicht die Annahme des Gratisblumengeschenkes!<\/p>\n","protected":false},"excerpt":{"rendered":"<p>&#8230;Narben des zweiten Weltkriegs, Gebiete auf denen mal vermutlich H\u00e4user gestanden hatten,\u00a0 jetzt aber nur noch wunderbar freie mit sogenanntem Unkraut bewachsene Gebiete! F\u00fcr Kinder das reinste Paradies auf denen sie mitten in der Stadt Abenteuer erleben und sich nach Lust und Laune austoben konnten! Auch in Essen mitten im Ruhrgebiet gab es das und direkt vor unserer Nase, einem Neubaubebiet in dem wir, meine Eltern, meine Gro\u00dfmutter und ich Achtj\u00e4hrige, Mitte der F\u00fcnfziger eine Wohnung bezogen hatten.<\/p>\n","protected":false},"author":1,"featured_media":0,"comment_status":"open","ping_status":"open","sticky":false,"template":"","format":"standard","meta":{"footnotes":""},"categories":[19,51,64],"tags":[],"jetpack_featured_media_url":"","_links":{"self":[{"href":"http:\/\/www.kunstgalerie-barbara.de\/blog\/wp-json\/wp\/v2\/posts\/16288"}],"collection":[{"href":"http:\/\/www.kunstgalerie-barbara.de\/blog\/wp-json\/wp\/v2\/posts"}],"about":[{"href":"http:\/\/www.kunstgalerie-barbara.de\/blog\/wp-json\/wp\/v2\/types\/post"}],"author":[{"embeddable":true,"href":"http:\/\/www.kunstgalerie-barbara.de\/blog\/wp-json\/wp\/v2\/users\/1"}],"replies":[{"embeddable":true,"href":"http:\/\/www.kunstgalerie-barbara.de\/blog\/wp-json\/wp\/v2\/comments?post=16288"}],"version-history":[{"count":1,"href":"http:\/\/www.kunstgalerie-barbara.de\/blog\/wp-json\/wp\/v2\/posts\/16288\/revisions"}],"predecessor-version":[{"id":16302,"href":"http:\/\/www.kunstgalerie-barbara.de\/blog\/wp-json\/wp\/v2\/posts\/16288\/revisions\/16302"}],"wp:attachment":[{"href":"http:\/\/www.kunstgalerie-barbara.de\/blog\/wp-json\/wp\/v2\/media?parent=16288"}],"wp:term":[{"taxonomy":"category","embeddable":true,"href":"http:\/\/www.kunstgalerie-barbara.de\/blog\/wp-json\/wp\/v2\/categories?post=16288"},{"taxonomy":"post_tag","embeddable":true,"href":"http:\/\/www.kunstgalerie-barbara.de\/blog\/wp-json\/wp\/v2\/tags?post=16288"}],"curies":[{"name":"wp","href":"https:\/\/api.w.org\/{rel}","templated":true}]}}