{"id":16303,"date":"2015-09-21T05:31:01","date_gmt":"2015-09-21T03:31:01","guid":{"rendered":"http:\/\/www.kunstgalerie-barbara.de\/blog\/?p=16303"},"modified":"2015-09-21T05:41:36","modified_gmt":"2015-09-21T03:41:36","slug":"uebervoll-sind-sie-diesen-herbst-die-weissdorn-und-wildrosenstraeucher","status":"publish","type":"post","link":"http:\/\/www.kunstgalerie-barbara.de\/blog\/2015\/09\/uebervoll-sind-sie-diesen-herbst-die-weissdorn-und-wildrosenstraeucher\/","title":{"rendered":"\u00dcbervoll sind sie diesen Herbst, die Wei\u00dfdorn und Wildrosenstr\u00e4ucher&#8230;"},"content":{"rendered":"<p><a href=\"http:\/\/www.kunstgalerie-barbara.de\/blog\/wp-content\/uploads\/2015\/09\/P1720707-Kopie.jpg\"><img loading=\"lazy\" decoding=\"async\" class=\"aligncenter wp-image-16304 size-full\" src=\"http:\/\/www.kunstgalerie-barbara.de\/blog\/wp-content\/uploads\/2015\/09\/P1720707-Kopie.jpg\" alt=\"P1720707 Kopie\" width=\"470\" height=\"317\" srcset=\"http:\/\/www.kunstgalerie-barbara.de\/blog\/wp-content\/uploads\/2015\/09\/P1720707-Kopie.jpg 470w, http:\/\/www.kunstgalerie-barbara.de\/blog\/wp-content\/uploads\/2015\/09\/P1720707-Kopie-300x202.jpg 300w\" sizes=\"(max-width: 470px) 100vw, 470px\" \/><\/a>&#8230;mit Fr\u00fcchten, das bedeutet f\u00fcr unsere Wildv\u00f6gel einen guten Winter!<\/p>\n","protected":false},"excerpt":{"rendered":"<p>&#8230;mit Fr\u00fcchten, das bedeutet f\u00fcr unsere Wildv\u00f6gel einen guten Winter!<\/p>\n","protected":false},"author":1,"featured_media":0,"comment_status":"open","ping_status":"open","sticky":false,"template":"","format":"standard","meta":{"footnotes":""},"categories":[73,19,67,71,51,64],"tags":[],"jetpack_featured_media_url":"","_links":{"self":[{"href":"http:\/\/www.kunstgalerie-barbara.de\/blog\/wp-json\/wp\/v2\/posts\/16303"}],"collection":[{"href":"http:\/\/www.kunstgalerie-barbara.de\/blog\/wp-json\/wp\/v2\/posts"}],"about":[{"href":"http:\/\/www.kunstgalerie-barbara.de\/blog\/wp-json\/wp\/v2\/types\/post"}],"author":[{"embeddable":true,"href":"http:\/\/www.kunstgalerie-barbara.de\/blog\/wp-json\/wp\/v2\/users\/1"}],"replies":[{"embeddable":true,"href":"http:\/\/www.kunstgalerie-barbara.de\/blog\/wp-json\/wp\/v2\/comments?post=16303"}],"version-history":[{"count":1,"href":"http:\/\/www.kunstgalerie-barbara.de\/blog\/wp-json\/wp\/v2\/posts\/16303\/revisions"}],"predecessor-version":[{"id":16307,"href":"http:\/\/www.kunstgalerie-barbara.de\/blog\/wp-json\/wp\/v2\/posts\/16303\/revisions\/16307"}],"wp:attachment":[{"href":"http:\/\/www.kunstgalerie-barbara.de\/blog\/wp-json\/wp\/v2\/media?parent=16303"}],"wp:term":[{"taxonomy":"category","embeddable":true,"href":"http:\/\/www.kunstgalerie-barbara.de\/blog\/wp-json\/wp\/v2\/categories?post=16303"},{"taxonomy":"post_tag","embeddable":true,"href":"http:\/\/www.kunstgalerie-barbara.de\/blog\/wp-json\/wp\/v2\/tags?post=16303"}],"curies":[{"name":"wp","href":"https:\/\/api.w.org\/{rel}","templated":true}]}}