{"id":16380,"date":"2015-10-02T05:00:40","date_gmt":"2015-10-02T03:00:40","guid":{"rendered":"http:\/\/www.kunstgalerie-barbara.de\/blog\/?p=16380"},"modified":"2026-04-17T16:20:35","modified_gmt":"2026-04-17T14:20:35","slug":"eine-stachlige-begegnung","status":"publish","type":"post","link":"http:\/\/www.kunstgalerie-barbara.de\/blog\/2015\/10\/eine-stachlige-begegnung\/","title":{"rendered":"Eine stachlige Begegnung&#8230;"},"content":{"rendered":"<p><a href=\"http:\/\/www.kunstgalerie-barbara.de\/blog\/wp-content\/uploads\/2015\/10\/P1720862-Kopie.jpg\"><img loading=\"lazy\" decoding=\"async\" class=\"aligncenter wp-image-16381 \" src=\"http:\/\/www.kunstgalerie-barbara.de\/blog\/wp-content\/uploads\/2015\/10\/P1720862-Kopie.jpg\" alt=\"P1720862 Kopie\" width=\"669\" height=\"464\" srcset=\"http:\/\/www.kunstgalerie-barbara.de\/blog\/wp-content\/uploads\/2015\/10\/P1720862-Kopie.jpg 470w, http:\/\/www.kunstgalerie-barbara.de\/blog\/wp-content\/uploads\/2015\/10\/P1720862-Kopie-300x208.jpg 300w\" sizes=\"(max-width: 669px) 100vw, 669px\" \/><\/a>&#8230;\u00a0 h\u00f6chstens f\u00fcnfzehn Zentimeter ma\u00df dieser kleine stachlige Bursche, den wir vor ein paar Tagen am Stra\u00dfenrand entdeckten. Viel zu klein um gesund den kommenden Winter zu \u00fcberstehen! Wir wollen hoffen, da\u00df er bis es richtig kalt wird, noch ein St\u00fcck gewachsen ist!<\/p>\n","protected":false},"excerpt":{"rendered":"<p>&#8230;\u00a0 h\u00f6chstens f\u00fcnfzehn Zentimeter ma\u00df dieser kleine stachlige Bursche, den wir vor ein paar Tagen am Stra\u00dfenrand entdeckten. Viel zu klein um gesund den kommenden Winter zu \u00fcberstehen! Wir wollen hoffen, da\u00df er bis es richtig kalt wird, noch ein St\u00fcck gewachsen ist!<\/p>\n","protected":false},"author":1,"featured_media":0,"comment_status":"open","ping_status":"open","sticky":false,"template":"","format":"standard","meta":{"footnotes":""},"categories":[67,71,51,64],"tags":[],"jetpack_featured_media_url":"","_links":{"self":[{"href":"http:\/\/www.kunstgalerie-barbara.de\/blog\/wp-json\/wp\/v2\/posts\/16380"}],"collection":[{"href":"http:\/\/www.kunstgalerie-barbara.de\/blog\/wp-json\/wp\/v2\/posts"}],"about":[{"href":"http:\/\/www.kunstgalerie-barbara.de\/blog\/wp-json\/wp\/v2\/types\/post"}],"author":[{"embeddable":true,"href":"http:\/\/www.kunstgalerie-barbara.de\/blog\/wp-json\/wp\/v2\/users\/1"}],"replies":[{"embeddable":true,"href":"http:\/\/www.kunstgalerie-barbara.de\/blog\/wp-json\/wp\/v2\/comments?post=16380"}],"version-history":[{"count":2,"href":"http:\/\/www.kunstgalerie-barbara.de\/blog\/wp-json\/wp\/v2\/posts\/16380\/revisions"}],"predecessor-version":[{"id":24181,"href":"http:\/\/www.kunstgalerie-barbara.de\/blog\/wp-json\/wp\/v2\/posts\/16380\/revisions\/24181"}],"wp:attachment":[{"href":"http:\/\/www.kunstgalerie-barbara.de\/blog\/wp-json\/wp\/v2\/media?parent=16380"}],"wp:term":[{"taxonomy":"category","embeddable":true,"href":"http:\/\/www.kunstgalerie-barbara.de\/blog\/wp-json\/wp\/v2\/categories?post=16380"},{"taxonomy":"post_tag","embeddable":true,"href":"http:\/\/www.kunstgalerie-barbara.de\/blog\/wp-json\/wp\/v2\/tags?post=16380"}],"curies":[{"name":"wp","href":"https:\/\/api.w.org\/{rel}","templated":true}]}}