{"id":16388,"date":"2015-10-06T05:34:42","date_gmt":"2015-10-06T03:34:42","guid":{"rendered":"http:\/\/www.kunstgalerie-barbara.de\/blog\/?p=16388"},"modified":"2015-10-06T05:34:42","modified_gmt":"2015-10-06T03:34:42","slug":"in-der-vergangenen-woche-ging-es-im-bundestag-heiss-her-befuerworter-der-geplanten-freihandelsabkommen-aus-der-unionsfraktion-bliesen-zum-generalangriff-auf-die-kritiker-von-ttip-abkommen-mit-den-us","status":"publish","type":"post","link":"http:\/\/www.kunstgalerie-barbara.de\/blog\/2015\/10\/in-der-vergangenen-woche-ging-es-im-bundestag-heiss-her-befuerworter-der-geplanten-freihandelsabkommen-aus-der-unionsfraktion-bliesen-zum-generalangriff-auf-die-kritiker-von-ttip-abkommen-mit-den-us\/","title":{"rendered":"in der vergangenen Woche ging es im Bundestag hei\u00df her. Bef\u00fcrworter der geplanten Freihandelsabkommen aus der Unionsfraktion bliesen zum Generalangriff auf die Kritiker von TTIP (Abkommen mit den USA) und CETA (mit Kanada): foodwatch und andere seien gar nicht demokratisch legitimiert, sagte ein CDU-Abgeordneter, die ganze Bewegung nicht mehr als eine \u201eEmp\u00f6rungsindustrie\u201c. Eine Fraktionskollegin dagegen konzentrierte sich darauf, f\u00fcr die Abkommen zu werben. Handel sei der Grund f\u00fcr unseren Wohlstand \u2013 und deshalb brauchen wir TTIP, so ihre Argumentationskette.  Um es vorweg zu nehmen: Ja, wir sind emp\u00f6rt! Emp\u00f6rt vor allem dar\u00fcber, auf welchem Niveau die Debatte \u00fcber so wichtige politische Vorhaben gef\u00fchrt wird. Dass schon jetzt \u2013 ganz ohne TTIP und CETA \u2013 der Handel zwischen der EU und den USA oder Kanada ein riesiges Volumen hat und eben so zu unserem Wohlstand beigetragen hat, f\u00e4llt da gerne mal unter den Tisch. Wirklich begr\u00fcnden, wozu wir die Vertr\u00e4ge BRAUCHEN, konnte keiner der F\u00fcrsprecher im Bundestag. Lieber wird den Kritikern die Legitimation abgesprochen. Wir empfehlen den Abgeordneten einen Blick ins Grundgesetz, wo die Freiheit der Meinung und die Freiheit zur Bildung von Vereinen fest verankert sind \u2013 fester zum Gl\u00fcck als in den K\u00f6pfen mancher Volksvertreter.  Doch es lohnt sich, bei TTIP und CETA \u00fcber die demokratische Legitimation zu sprechen \u2013 \u00fcber die der Abkommen selbst, der Verhandlungen und der Verabschiedung. Heute haben wir dazu eine ausf\u00fchrliche Analyse vorgelegt. Fazit: Mangelnde Transparenz, kaum \u00d6ffentlichkeit, wenig Einfluss f\u00fcr Abgeordnete &#8211; das ganze Verfahren verst\u00f6\u00dft permanent gegen das Demokratieprinzip. Mehr noch: Mit den geplanten Vertr\u00e4gen w\u00fcrden wir Bindungen eingehen, die die Befugnisse von Parlamenten in der Zukunft beschneiden und damit den Wert einer Stimme bei Bundestags- oder Europawahl reduzieren."},"content":{"rendered":"","protected":false},"excerpt":{"rendered":"","protected":false},"author":1,"featured_media":0,"comment_status":"open","ping_status":"open","sticky":false,"template":"","format":"standard","meta":{"footnotes":""},"categories":[42,40,51],"tags":[],"jetpack_featured_media_url":"","_links":{"self":[{"href":"http:\/\/www.kunstgalerie-barbara.de\/blog\/wp-json\/wp\/v2\/posts\/16388"}],"collection":[{"href":"http:\/\/www.kunstgalerie-barbara.de\/blog\/wp-json\/wp\/v2\/posts"}],"about":[{"href":"http:\/\/www.kunstgalerie-barbara.de\/blog\/wp-json\/wp\/v2\/types\/post"}],"author":[{"embeddable":true,"href":"http:\/\/www.kunstgalerie-barbara.de\/blog\/wp-json\/wp\/v2\/users\/1"}],"replies":[{"embeddable":true,"href":"http:\/\/www.kunstgalerie-barbara.de\/blog\/wp-json\/wp\/v2\/comments?post=16388"}],"version-history":[{"count":1,"href":"http:\/\/www.kunstgalerie-barbara.de\/blog\/wp-json\/wp\/v2\/posts\/16388\/revisions"}],"predecessor-version":[{"id":16389,"href":"http:\/\/www.kunstgalerie-barbara.de\/blog\/wp-json\/wp\/v2\/posts\/16388\/revisions\/16389"}],"wp:attachment":[{"href":"http:\/\/www.kunstgalerie-barbara.de\/blog\/wp-json\/wp\/v2\/media?parent=16388"}],"wp:term":[{"taxonomy":"category","embeddable":true,"href":"http:\/\/www.kunstgalerie-barbara.de\/blog\/wp-json\/wp\/v2\/categories?post=16388"},{"taxonomy":"post_tag","embeddable":true,"href":"http:\/\/www.kunstgalerie-barbara.de\/blog\/wp-json\/wp\/v2\/tags?post=16388"}],"curies":[{"name":"wp","href":"https:\/\/api.w.org\/{rel}","templated":true}]}}