{"id":16405,"date":"2015-10-08T06:44:53","date_gmt":"2015-10-08T04:44:53","guid":{"rendered":"http:\/\/www.kunstgalerie-barbara.de\/blog\/?p=16405"},"modified":"2015-10-08T06:44:53","modified_gmt":"2015-10-08T04:44:53","slug":"eine-menschenkette-von-gibraltar-bis-estland-3-263-920-menschen-haben-sich-an-der-europaeischen-buergerinitiative-gegen-ttip-und-ceta-beteiligt-die-offiziellen-anforderungen-haben-wir-damit-um-mehr","status":"publish","type":"post","link":"http:\/\/www.kunstgalerie-barbara.de\/blog\/2015\/10\/eine-menschenkette-von-gibraltar-bis-estland-3-263-920-menschen-haben-sich-an-der-europaeischen-buergerinitiative-gegen-ttip-und-ceta-beteiligt-die-offiziellen-anforderungen-haben-wir-damit-um-mehr\/","title":{"rendered":"Eine Menschenkette von Gibraltar bis Estland  3.263.920 Menschen haben sich an der Europ\u00e4ischen B\u00fcrgerinitiative gegen TTIP und CETA beteiligt. Die offiziellen Anforderungen haben wir damit um mehr als das Dreifache \u00fcbertroffen. Als Teil des Steuerungskreises bedanken wir uns bei allen, die teilgenommen und Unterschriften gesammelt haben \u2013 ihr seid einfach spitze!  Nun gilt es, den Druck auf die EU-Kommission und das Europ\u00e4ische Parlament nicht abrei\u00dfen zu lassen. Am Samstag werden zehntausende gegen die Freihandelsabkommen protestieren. Auch f\u00fcr die Zeit danach haben wir noch so einiges in petto, um die Politik daran zu erinnern, dass sie f\u00fcr uns B\u00fcrgerInnen da ist und nicht f\u00fcr die Konzerne!"},"content":{"rendered":"<p>&nbsp;<\/p>\n<p><img loading=\"lazy\" decoding=\"async\" class=\"spotlight\" src=\"https:\/\/scontent-cdg2-1.xx.fbcdn.net\/hphotos-xpa1\/v\/t1.0-9\/12096596_1081493198549740_7015099654917088004_n.jpg?oh=af242acda5d8d8c860c0aa5b882f5882&amp;oe=569CC00D\" alt=\"\" width=\"614\" height=\"322\" \/><\/p>\n","protected":false},"excerpt":{"rendered":"<p>&nbsp;<\/p>\n","protected":false},"author":1,"featured_media":0,"comment_status":"open","ping_status":"open","sticky":false,"template":"","format":"standard","meta":{"footnotes":""},"categories":[42,40,51],"tags":[],"jetpack_featured_media_url":"","_links":{"self":[{"href":"http:\/\/www.kunstgalerie-barbara.de\/blog\/wp-json\/wp\/v2\/posts\/16405"}],"collection":[{"href":"http:\/\/www.kunstgalerie-barbara.de\/blog\/wp-json\/wp\/v2\/posts"}],"about":[{"href":"http:\/\/www.kunstgalerie-barbara.de\/blog\/wp-json\/wp\/v2\/types\/post"}],"author":[{"embeddable":true,"href":"http:\/\/www.kunstgalerie-barbara.de\/blog\/wp-json\/wp\/v2\/users\/1"}],"replies":[{"embeddable":true,"href":"http:\/\/www.kunstgalerie-barbara.de\/blog\/wp-json\/wp\/v2\/comments?post=16405"}],"version-history":[{"count":1,"href":"http:\/\/www.kunstgalerie-barbara.de\/blog\/wp-json\/wp\/v2\/posts\/16405\/revisions"}],"predecessor-version":[{"id":16406,"href":"http:\/\/www.kunstgalerie-barbara.de\/blog\/wp-json\/wp\/v2\/posts\/16405\/revisions\/16406"}],"wp:attachment":[{"href":"http:\/\/www.kunstgalerie-barbara.de\/blog\/wp-json\/wp\/v2\/media?parent=16405"}],"wp:term":[{"taxonomy":"category","embeddable":true,"href":"http:\/\/www.kunstgalerie-barbara.de\/blog\/wp-json\/wp\/v2\/categories?post=16405"},{"taxonomy":"post_tag","embeddable":true,"href":"http:\/\/www.kunstgalerie-barbara.de\/blog\/wp-json\/wp\/v2\/tags?post=16405"}],"curies":[{"name":"wp","href":"https:\/\/api.w.org\/{rel}","templated":true}]}}