{"id":16418,"date":"2015-10-14T06:00:54","date_gmt":"2015-10-14T04:00:54","guid":{"rendered":"http:\/\/www.kunstgalerie-barbara.de\/blog\/?p=16418"},"modified":"2015-10-14T07:38:44","modified_gmt":"2015-10-14T05:38:44","slug":"16418","status":"publish","type":"post","link":"http:\/\/www.kunstgalerie-barbara.de\/blog\/2015\/10\/16418\/","title":{"rendered":"Es sollte sich jeder anschauen und dann \u00fcberlegen, was er so tagt\u00e4glich in sich hineinfuttert. \u00dcbrigens finde ich es falsch der Lebensmittelindustrie die gesamte Verantwortung aufzuhalsen, denn jeder ist f\u00fcr das, was er tut selbst verantwortlich, jeder kann immer noch selbst bestimmen was er essen m\u00f6chte, was er konsumiert und insofern werden, wenn viele Menschen aufgekl\u00e4rter handeln, stark ges\u00fc\u00dfte Nahrungsmittel vom Markt verschwinden, aber bis dahin ist noch ein weiter Weg!"},"content":{"rendered":"<p><a href=\"http:\/\/scripttype=text\/javascriptsrc=https:\/\/www-secure.arte.tv\/arte_vp\/embed.php?json_url=http%3A%2F%2Farte.tv%2Fpapi%2Ftvguide%2Fvideos%2Fstream%2Fplayer%2FD%2F054774-000_PLUS7-D%2FALL%2FALL.json&amp;lang=de_DE&amp;config=arte_tvguide&amp;width=720&amp;height=406\/script\"><script src=\"https:\/\/www-secure.arte.tv\/arte_vp\/embed.php?json_url=http%3A%2F%2Farte.tv%2Fpapi%2Ftvguide%2Fvideos%2Fstream%2Fplayer%2FD%2F054774-000_PLUS7-D%2FALL%2FALL.json&amp;lang=de_DE&amp;config=arte_tvguide&amp;width=720&amp;height=406\" type=\"text\/javascript\"><\/script><\/a><a href=\"http:\/\/scripttype=text\/javascriptsrc=https:\/\/www-secure.arte.tv\/arte_vp\/embed.php?json_url=http%3A%2F%2Farte.tv%2Fpapi%2Ftvguide%2Fvideos%2Fstream%2Fplayer%2FD%2F054774-000_PWA11872-D%2FALL%2FALL.json&amp;lang=de_DE&amp;config=arte_tvguide&amp;width=720&amp;height=406\/script\">http:\/\/<script src=\"https:\/\/www-secure.arte.tv\/arte_vp\/embed.php?json_url=http%3A%2F%2Farte.tv%2Fpapi%2Ftvguide%2Fvideos%2Fstream%2Fplayer%2FD%2F054774-000_PWA11872-D%2FALL%2FALL.json&amp;lang=de_DE&amp;config=arte_tvguide&amp;width=720&amp;height=406\" type=\"mce-text\/javascript\"><\/script><\/a><\/p>\n","protected":false},"excerpt":{"rendered":"<p>http:\/\/<\/p>\n","protected":false},"author":1,"featured_media":0,"comment_status":"open","ping_status":"open","sticky":false,"template":"","format":"standard","meta":{"footnotes":""},"categories":[69,74,40,51],"tags":[],"jetpack_featured_media_url":"","_links":{"self":[{"href":"http:\/\/www.kunstgalerie-barbara.de\/blog\/wp-json\/wp\/v2\/posts\/16418"}],"collection":[{"href":"http:\/\/www.kunstgalerie-barbara.de\/blog\/wp-json\/wp\/v2\/posts"}],"about":[{"href":"http:\/\/www.kunstgalerie-barbara.de\/blog\/wp-json\/wp\/v2\/types\/post"}],"author":[{"embeddable":true,"href":"http:\/\/www.kunstgalerie-barbara.de\/blog\/wp-json\/wp\/v2\/users\/1"}],"replies":[{"embeddable":true,"href":"http:\/\/www.kunstgalerie-barbara.de\/blog\/wp-json\/wp\/v2\/comments?post=16418"}],"version-history":[{"count":1,"href":"http:\/\/www.kunstgalerie-barbara.de\/blog\/wp-json\/wp\/v2\/posts\/16418\/revisions"}],"predecessor-version":[{"id":16453,"href":"http:\/\/www.kunstgalerie-barbara.de\/blog\/wp-json\/wp\/v2\/posts\/16418\/revisions\/16453"}],"wp:attachment":[{"href":"http:\/\/www.kunstgalerie-barbara.de\/blog\/wp-json\/wp\/v2\/media?parent=16418"}],"wp:term":[{"taxonomy":"category","embeddable":true,"href":"http:\/\/www.kunstgalerie-barbara.de\/blog\/wp-json\/wp\/v2\/categories?post=16418"},{"taxonomy":"post_tag","embeddable":true,"href":"http:\/\/www.kunstgalerie-barbara.de\/blog\/wp-json\/wp\/v2\/tags?post=16418"}],"curies":[{"name":"wp","href":"https:\/\/api.w.org\/{rel}","templated":true}]}}