{"id":16429,"date":"2015-10-11T07:28:40","date_gmt":"2015-10-11T05:28:40","guid":{"rendered":"http:\/\/www.kunstgalerie-barbara.de\/blog\/?p=16429"},"modified":"2015-10-11T07:30:03","modified_gmt":"2015-10-11T05:30:03","slug":"wir-wuppen-es-mit-fluechtlingsstroemen-klazukommen-jedoch-nicht-mit-kinderarmut-im-eigenen-lande-und-das-bitteschoen-ist-schon-ziemlich-befremdend","status":"publish","type":"post","link":"http:\/\/www.kunstgalerie-barbara.de\/blog\/2015\/10\/wir-wuppen-es-mit-fluechtlingsstroemen-klazukommen-jedoch-nicht-mit-kinderarmut-im-eigenen-lande-und-das-bitteschoen-ist-schon-ziemlich-befremdend\/","title":{"rendered":"Wir wuppen es mit Fl\u00fcchtlingsstr\u00f6men klarzukommen, jedoch nicht mit Kinderarmut im eigenen Lande und das bittesch\u00f6n ist schon ziemlich befremdend!"},"content":{"rendered":"<div class=\"projects-profile-picture\" data-behavior=\"project-profile-picture\"><img loading=\"lazy\" decoding=\"async\" class=\"\" src=\"https:\/\/asset1.betterplace.org\/uploads\/project\/profile_picture\/000\/007\/910\/fill_730x380_default_Bildschirmfoto_2012-09-27_um_15.05.37.jpg\" alt=\"\" width=\"461\" height=\"240\" \/><\/div>\n<div class=\"progress generic-progress-bar large hidden-xs\">\n<div class=\"bar\"><\/div>\n<p><span class=\"percentage\">93\u2009% finanziert<\/span><\/p>\n<\/div>\n<div id=\"description\" class=\"projects-project-description\">\n<div class=\"generic-speech-bubble\">\n<h3 class=\"bubble-author\"><a class=\"secondary\" href=\"https:\/\/www.betterplace.org\/de\/users\/kai_l\">B. Siggelkow<\/a><\/h3>\n<div class=\"bubble-avatar\"><a class=\"linked-user-avatar\" href=\"https:\/\/www.betterplace.org\/de\/users\/kai_l\"><img loading=\"lazy\" decoding=\"async\" class=\"user-avatar\" src=\"https:\/\/asset1.betterplace.org\/uploads\/user\/profile_picture\/000\/001\/435\/fill_100x100_original_101102_Bernd_BZ.jpg\" alt=\"B. Siggelkow\" width=\"50\" height=\"50\" \/><\/a><\/div>\n<div class=\"bubble-text collapsible open\" data-height=\"1164\" data-initial-height=\"140\" data-trigger=\"a#button_trigger\">Die Arche bietet neben vielseitigen anderen Angeboten einen kostenfreien, warmen Mittagstisch f\u00fcr bed\u00fcrftige Kinder in Deutschlands St\u00e4dten an. Die Familien der betroffenen Kinder k\u00f6nnen sich eine warme Mahlzeit am Tag oft nicht leisten, worunter zuallererst unsere Kleinsten leiden. Derzeit geht jedes vierte Kind ohne Fr\u00fchst\u00fcck zur Schule. Eine alarmierende Zahl!Ein warmes, gemeinsames Mittagessen ist in unseren H\u00e4usern f\u00fcr die Kinder aus meist sozial benachteiligten Lebensverh\u00e4ltnissen neben dem ungemein wichtigen Aspekt gesunder und vollwertiger Ern\u00e4hrung auch ein echtes Gemeinschaftserlebnis und ein wichtiger Baustein f\u00fcr einen geregelten Tagesablauf.Wir k\u00e4mpfen f\u00fcr mehr Chancengleichheit von Kindern in unserem Land. Deshalb f\u00f6rdern wir ganz besonders die Kinder, die es am allern\u00f6tigsten haben. Dabei ist eine warme Mahlzeit am Tag ungemein wichtig.<\/p>\n<p>Helft mit und unterst\u00fctzt mit diesem Projekt unsere Kleinsten in Berlin! Denn Kinder sind nicht nur unsere Zukunft, sondern schon jetzt wertvoller Bestandteil unserer Gegenwart!<\/p>\n<\/div>\n<\/div>\n<\/div>\n","protected":false},"excerpt":{"rendered":"<p>93\u2009% finanziert B. Siggelkow Die Arche bietet neben vielseitigen anderen Angeboten einen kostenfreien, warmen Mittagstisch f\u00fcr bed\u00fcrftige Kinder in Deutschlands St\u00e4dten an. Die Familien der betroffenen Kinder k\u00f6nnen sich eine warme Mahlzeit am Tag oft nicht leisten, worunter zuallererst unsere Kleinsten leiden. Derzeit geht jedes vierte Kind ohne Fr\u00fchst\u00fcck zur Schule. Eine alarmierende Zahl!Ein warmes, gemeinsames Mittagessen ist in unseren H\u00e4usern f\u00fcr die Kinder aus meist sozial benachteiligten Lebensverh\u00e4ltnissen neben dem ungemein wichtigen Aspekt gesunder und vollwertiger Ern\u00e4hrung auch ein echtes Gemeinschaftserlebnis und ein wichtiger Baustein f\u00fcr einen geregelten Tagesablauf.Wir k\u00e4mpfen f\u00fcr mehr Chancengleichheit von Kindern in unserem Land. Deshalb f\u00f6rdern wir ganz besonders die Kinder, die es am allern\u00f6tigsten haben. Dabei ist eine warme Mahlzeit am Tag ungemein wichtig. Helft mit und unterst\u00fctzt mit diesem Projekt unsere Kleinsten in Berlin! Denn Kinder sind nicht nur unsere Zukunft, sondern schon jetzt wertvoller Bestandteil unserer Gegenwart!<\/p>\n","protected":false},"author":1,"featured_media":0,"comment_status":"open","ping_status":"open","sticky":false,"template":"","format":"standard","meta":{"footnotes":""},"categories":[42,29,40,51],"tags":[],"jetpack_featured_media_url":"","_links":{"self":[{"href":"http:\/\/www.kunstgalerie-barbara.de\/blog\/wp-json\/wp\/v2\/posts\/16429"}],"collection":[{"href":"http:\/\/www.kunstgalerie-barbara.de\/blog\/wp-json\/wp\/v2\/posts"}],"about":[{"href":"http:\/\/www.kunstgalerie-barbara.de\/blog\/wp-json\/wp\/v2\/types\/post"}],"author":[{"embeddable":true,"href":"http:\/\/www.kunstgalerie-barbara.de\/blog\/wp-json\/wp\/v2\/users\/1"}],"replies":[{"embeddable":true,"href":"http:\/\/www.kunstgalerie-barbara.de\/blog\/wp-json\/wp\/v2\/comments?post=16429"}],"version-history":[{"count":1,"href":"http:\/\/www.kunstgalerie-barbara.de\/blog\/wp-json\/wp\/v2\/posts\/16429\/revisions"}],"predecessor-version":[{"id":16432,"href":"http:\/\/www.kunstgalerie-barbara.de\/blog\/wp-json\/wp\/v2\/posts\/16429\/revisions\/16432"}],"wp:attachment":[{"href":"http:\/\/www.kunstgalerie-barbara.de\/blog\/wp-json\/wp\/v2\/media?parent=16429"}],"wp:term":[{"taxonomy":"category","embeddable":true,"href":"http:\/\/www.kunstgalerie-barbara.de\/blog\/wp-json\/wp\/v2\/categories?post=16429"},{"taxonomy":"post_tag","embeddable":true,"href":"http:\/\/www.kunstgalerie-barbara.de\/blog\/wp-json\/wp\/v2\/tags?post=16429"}],"curies":[{"name":"wp","href":"https:\/\/api.w.org\/{rel}","templated":true}]}}