{"id":16433,"date":"2015-10-13T07:23:07","date_gmt":"2015-10-13T05:23:07","guid":{"rendered":"http:\/\/www.kunstgalerie-barbara.de\/blog\/?p=16433"},"modified":"2015-10-13T07:23:07","modified_gmt":"2015-10-13T05:23:07","slug":"mit-dieser-idylle-ist-es-laengst-vorbei","status":"publish","type":"post","link":"http:\/\/www.kunstgalerie-barbara.de\/blog\/2015\/10\/mit-dieser-idylle-ist-es-laengst-vorbei\/","title":{"rendered":"Mit dieser Idylle ist es l\u00e4ngst vorbei&#8230;"},"content":{"rendered":"<p><a href=\"http:\/\/www.kunstgalerie-barbara.de\/blog\/wp-content\/uploads\/2015\/10\/P1150947-Kopie1.jpg\"><img loading=\"lazy\" decoding=\"async\" class=\"aligncenter wp-image-16435 size-full\" src=\"http:\/\/www.kunstgalerie-barbara.de\/blog\/wp-content\/uploads\/2015\/10\/P1150947-Kopie1.jpg\" alt=\"P1150947 Kopie\" width=\"470\" height=\"369\" srcset=\"http:\/\/www.kunstgalerie-barbara.de\/blog\/wp-content\/uploads\/2015\/10\/P1150947-Kopie1.jpg 470w, http:\/\/www.kunstgalerie-barbara.de\/blog\/wp-content\/uploads\/2015\/10\/P1150947-Kopie1-300x236.jpg 300w\" sizes=\"(max-width: 470px) 100vw, 470px\" \/><\/a>&#8230;in der Bremer \u00dcberseestadt, denn die Brut und Ruhepl\u00e4tze f\u00fcr M\u00f6ven sind inzwischen leider zugepflastert oder bebaut!<\/p>\n","protected":false},"excerpt":{"rendered":"<p>&#8230;in der Bremer \u00dcberseestadt, denn die Brut und Ruhepl\u00e4tze f\u00fcr M\u00f6ven sind inzwischen leider zugepflastert oder bebaut!<\/p>\n","protected":false},"author":1,"featured_media":0,"comment_status":"open","ping_status":"open","sticky":false,"template":"","format":"standard","meta":{"footnotes":""},"categories":[70,67,71,51],"tags":[],"jetpack_featured_media_url":"","_links":{"self":[{"href":"http:\/\/www.kunstgalerie-barbara.de\/blog\/wp-json\/wp\/v2\/posts\/16433"}],"collection":[{"href":"http:\/\/www.kunstgalerie-barbara.de\/blog\/wp-json\/wp\/v2\/posts"}],"about":[{"href":"http:\/\/www.kunstgalerie-barbara.de\/blog\/wp-json\/wp\/v2\/types\/post"}],"author":[{"embeddable":true,"href":"http:\/\/www.kunstgalerie-barbara.de\/blog\/wp-json\/wp\/v2\/users\/1"}],"replies":[{"embeddable":true,"href":"http:\/\/www.kunstgalerie-barbara.de\/blog\/wp-json\/wp\/v2\/comments?post=16433"}],"version-history":[{"count":1,"href":"http:\/\/www.kunstgalerie-barbara.de\/blog\/wp-json\/wp\/v2\/posts\/16433\/revisions"}],"predecessor-version":[{"id":16436,"href":"http:\/\/www.kunstgalerie-barbara.de\/blog\/wp-json\/wp\/v2\/posts\/16433\/revisions\/16436"}],"wp:attachment":[{"href":"http:\/\/www.kunstgalerie-barbara.de\/blog\/wp-json\/wp\/v2\/media?parent=16433"}],"wp:term":[{"taxonomy":"category","embeddable":true,"href":"http:\/\/www.kunstgalerie-barbara.de\/blog\/wp-json\/wp\/v2\/categories?post=16433"},{"taxonomy":"post_tag","embeddable":true,"href":"http:\/\/www.kunstgalerie-barbara.de\/blog\/wp-json\/wp\/v2\/tags?post=16433"}],"curies":[{"name":"wp","href":"https:\/\/api.w.org\/{rel}","templated":true}]}}