{"id":16456,"date":"2015-10-16T04:19:11","date_gmt":"2015-10-16T02:19:11","guid":{"rendered":"http:\/\/www.kunstgalerie-barbara.de\/blog\/?p=16456"},"modified":"2015-10-16T04:23:41","modified_gmt":"2015-10-16T02:23:41","slug":"keine-bad-bank-fuer-atomkraftwerke","status":"publish","type":"post","link":"http:\/\/www.kunstgalerie-barbara.de\/blog\/2015\/10\/keine-bad-bank-fuer-atomkraftwerke\/","title":{"rendered":"Keine &#8220;Bad Bank&#8221; f\u00fcr Atomkraftwerke!"},"content":{"rendered":"<div class=\"layout21\">\n<div class=\"mscontent\">\n<div id=\"c14776\" class=\"csc-frame csc-frame-frame2\">\n<div class=\"n4mimagetext\"><span class=\"headerSlogan\"><span class=\"headerSlogan\">Online-Kampagne<\/span><\/span><\/p>\n<div class=\"mscontent\">\n<div id=\"c14842\" class=\"csc-default\">\n<div class=\"n4mimagetext\">\n<div class=\"textbody\">\n<p class=\"bodytext\">Eine gemeinsame Aktion von<\/p>\n<p class=\"bodytext\"><a class=\"internal-link\" title=\"\u00d6ffnet internen Link im aktuellen Fenster\" href=\"https:\/\/www.ausgestrahlt.de\/startseite.html\"><img loading=\"lazy\" decoding=\"async\" src=\"https:\/\/www.ausgestrahlt.de\/fileadmin\/user_upload\/Logos\/ausgestrahlt_rot_180.gif\" alt=\"\" width=\"180\" height=\"45\" \/><\/a>und\u00a0<a class=\"external-link-new-window\" title=\"\u00d6ffnet externen Link in neuem Fenster\" href=\"https:\/\/www.umweltinstitut.org\/\" target=\"_blank\"><img loading=\"lazy\" decoding=\"async\" src=\"https:\/\/www.ausgestrahlt.de\/fileadmin\/user_upload\/Organisationslogos\/umweltinstitut_150.jpg\" alt=\"\" width=\"150\" height=\"74\" \/><\/a><\/p>\n<\/div>\n<\/div>\n<\/div>\n<\/div>\n<h2 class=\"layout1\"><span class=\"headline\">\u00a0<\/span><\/h2>\n<div class=\"textbody\">\n<p class=\"bodytext\"><img loading=\"lazy\" decoding=\"async\" src=\"https:\/\/www.ausgestrahlt.de\/fileadmin\/user_upload\/badbank\/BadBank_400x150_EF1.jpg\" alt=\"\" width=\"400\" height=\"150\" \/><\/p>\n<\/div>\n<\/div>\n<\/div>\n<\/div>\n<div class=\"mstrennerB\"><\/div>\n<\/div>\n<div class=\"layout21\">\n<div class=\"mstrennerA\"><\/div>\n<div class=\"mscontent\">\n<div id=\"c14774\" class=\"csc-frame csc-frame-frame2\">\n<div class=\"n4mlist\">\n<div class=\"tx-campsign-pi1\">\n<p class=\"bodytext\">Ein dreister Plan: Die Stromkonzerne wollen ihre finanziellen Risiken f\u00fcr den Abriss der AKW und die Atomm\u00fcll-Lagerung auf die Gesellschaft abw\u00e4lzen\u00a0\u2013 obwohl sie \u00fcber Jahrzehnte Milliardengewinne mit dem Atomstrom gemacht haben.<\/p>\n<p class=\"bodytext\">Ihre Entsorgungs-R\u00fcckstellungen will die Atomwirtschaft in eine staatliche Stiftung, eine Art \u201eBad Bank\u201c f\u00fcr AKW, einbringen. Dar\u00fcber hinaus wollen sie keine weiteren Kostenrisiken \u00fcbernehmen. Doch die realen Folgekosten der Atomkraft werden deutlich h\u00f6her sein. Daf\u00fcr soll dann nach dem Willen der Stromkonzerne der Staat einspringen\u00a0\u2013 ganz nach dem Motto: Gewinne privatisieren, Risiken sozialisieren.<\/p>\n<p class=\"bodytext\"><b>Ich fordere deshalb von der Bundesregierung:<br \/>\nNehmt Eon, RWE, EnBW und Vattenfall ihre Entsorgungs-R\u00fcckstellungen ab, bevor die Konzerne pleitegehen. Die Haftung f\u00fcr k\u00fcnftige Kostensteigerungen beim Abbau der AKW und bei der Atomm\u00fcll-Lagerung muss beibehalten werden. <\/b><\/p>\n<form action=\"mitmachen\/badbank.html\" method=\"post\">\n<div class=\"n4mform\">\n<dl>\n<dt><label for=\"camp_salutation\">Anrede:<\/label><\/dt>\n<dd><\/dd>\n<\/dl>\n<\/div>\n<\/form>\n<\/div>\n<\/div>\n<\/div>\n<\/div>\n<\/div>\n<dl>\n<dd><\/dd>\n<\/dl>\n<dl>\n<dt><label for=\"camp_first_name\">Vorname: (*)<\/label><\/dt>\n<dd><input id=\"camp_first_name\" class=\"textinput\" name=\"tx_campsign_pi1[first_name]\" size=\"30\" type=\"text\" value=\"\" \/><\/dd>\n<\/dl>\n<dl>\n<dt><label for=\"camp_last_name\">Nachname: (*)<\/label><\/dt>\n<dd><input id=\"camp_last_name\" class=\"textinput\" name=\"tx_campsign_pi1[last_name]\" size=\"30\" type=\"text\" value=\"\" \/><\/dd>\n<\/dl>\n<dl>\n<dt><label for=\"camp_address\">Adresse: <\/label><\/dt>\n<dd><input id=\"camp_address\" class=\"textinput\" name=\"tx_campsign_pi1[address]\" size=\"30\" type=\"text\" value=\"\" \/><\/dd>\n<\/dl>\n<dl>\n<dt><label for=\"camp_city\">PLZ und Ort: <\/label><\/dt>\n<dd><input id=\"camp_zip\" class=\"textinput\" name=\"tx_campsign_pi1[zip]\" size=\"30\" type=\"text\" value=\"\" \/><input id=\"camp_city\" class=\"textinput\" name=\"tx_campsign_pi1[city]\" size=\"30\" type=\"text\" value=\"\" \/><\/dd>\n<\/dl>\n<dl>\n<dt><label for=\"camp_email\">Email: (*)<\/label><\/dt>\n<dd><input id=\"camp_email\" class=\"textinput\" name=\"tx_campsign_pi1[email]\" size=\"30\" type=\"text\" value=\"\" \/><\/dd>\n<\/dl>\n<dl>\n<dt><input id=\"camp_show\" class=\"checkbox\" name=\"tx_campsign_pi1[display]\" type=\"checkbox\" value=\"1\" \/><\/dt>\n<dd><label for=\"camp_show\">Meine Unterschrift soll\/darf ver\u00f6ffentlicht werden.<\/label><\/dd>\n<\/dl>\n<dl>\n<dt><input id=\"camp_newsletter\" class=\"checkbox\" checked=\"checked\" name=\"tx_campsign_pi1[newsletter]\" type=\"checkbox\" value=\"1\" \/><\/dt>\n<dd><label for=\"camp_newsletter\">Ich m\u00f6chte von .ausgestrahlt \u00fcber Aktivit\u00e4ten f\u00fcr einen echten Atomausstieg informiert werden.<\/label><\/dd>\n<\/dl>\n<dl>\n<dt><label for=\"camp_send\">\u00a0<\/label><\/dt>\n<dd><\/dd>\n<\/dl>\n<form action=\"mitmachen\/badbank.html\" method=\"post\">\n<div class=\"n4mform\"><\/div>\n<\/form>\n<div class=\"floatBreaker\"><\/div>\n<p>&nbsp;<\/p>\n<p>119619 Personen haben unterzeichnet (11463 \u00f6ffentlich und online)<\/p>\n<p>&nbsp;<\/p>\n","protected":false},"excerpt":{"rendered":"<p>Online-Kampagne Eine gemeinsame Aktion von und\u00a0 \u00a0 Ein dreister Plan: Die Stromkonzerne wollen ihre finanziellen Risiken f\u00fcr den Abriss der AKW und die Atomm\u00fcll-Lagerung auf die Gesellschaft abw\u00e4lzen\u00a0\u2013 obwohl sie \u00fcber Jahrzehnte Milliardengewinne mit dem Atomstrom gemacht haben. Ihre Entsorgungs-R\u00fcckstellungen will die Atomwirtschaft in eine staatliche Stiftung, eine Art \u201eBad Bank\u201c f\u00fcr AKW, einbringen. Dar\u00fcber hinaus wollen sie keine weiteren Kostenrisiken \u00fcbernehmen. Doch die realen Folgekosten der Atomkraft werden deutlich h\u00f6her sein. Daf\u00fcr soll dann nach dem Willen der Stromkonzerne der Staat einspringen\u00a0\u2013 ganz nach dem Motto: Gewinne privatisieren, Risiken sozialisieren. Ich fordere deshalb von der Bundesregierung: Nehmt Eon, RWE, EnBW und Vattenfall ihre Entsorgungs-R\u00fcckstellungen ab, bevor die Konzerne pleitegehen. Die Haftung f\u00fcr k\u00fcnftige Kostensteigerungen beim Abbau der AKW und bei der Atomm\u00fcll-Lagerung muss beibehalten werden. Anrede: Vorname: (*) Nachname: (*) Adresse: PLZ und Ort: Email: (*) Meine Unterschrift soll\/darf ver\u00f6ffentlicht werden. Ich m\u00f6chte von .ausgestrahlt \u00fcber Aktivit\u00e4ten f\u00fcr einen echten Atomausstieg informiert werden. \u00a0 &nbsp; 119619 Personen haben unterzeichnet (11463 \u00f6ffentlich und online) &nbsp;<\/p>\n","protected":false},"author":1,"featured_media":0,"comment_status":"open","ping_status":"open","sticky":false,"template":"","format":"standard","meta":{"footnotes":""},"categories":[42,76,40,51,64],"tags":[],"jetpack_featured_media_url":"","_links":{"self":[{"href":"http:\/\/www.kunstgalerie-barbara.de\/blog\/wp-json\/wp\/v2\/posts\/16456"}],"collection":[{"href":"http:\/\/www.kunstgalerie-barbara.de\/blog\/wp-json\/wp\/v2\/posts"}],"about":[{"href":"http:\/\/www.kunstgalerie-barbara.de\/blog\/wp-json\/wp\/v2\/types\/post"}],"author":[{"embeddable":true,"href":"http:\/\/www.kunstgalerie-barbara.de\/blog\/wp-json\/wp\/v2\/users\/1"}],"replies":[{"embeddable":true,"href":"http:\/\/www.kunstgalerie-barbara.de\/blog\/wp-json\/wp\/v2\/comments?post=16456"}],"version-history":[{"count":1,"href":"http:\/\/www.kunstgalerie-barbara.de\/blog\/wp-json\/wp\/v2\/posts\/16456\/revisions"}],"predecessor-version":[{"id":16458,"href":"http:\/\/www.kunstgalerie-barbara.de\/blog\/wp-json\/wp\/v2\/posts\/16456\/revisions\/16458"}],"wp:attachment":[{"href":"http:\/\/www.kunstgalerie-barbara.de\/blog\/wp-json\/wp\/v2\/media?parent=16456"}],"wp:term":[{"taxonomy":"category","embeddable":true,"href":"http:\/\/www.kunstgalerie-barbara.de\/blog\/wp-json\/wp\/v2\/categories?post=16456"},{"taxonomy":"post_tag","embeddable":true,"href":"http:\/\/www.kunstgalerie-barbara.de\/blog\/wp-json\/wp\/v2\/tags?post=16456"}],"curies":[{"name":"wp","href":"https:\/\/api.w.org\/{rel}","templated":true}]}}