{"id":16523,"date":"2015-10-22T04:13:26","date_gmt":"2015-10-22T02:13:26","guid":{"rendered":"http:\/\/www.kunstgalerie-barbara.de\/blog\/?p=16523"},"modified":"2015-10-22T04:13:26","modified_gmt":"2015-10-22T02:13:26","slug":"einsatz-des-unkrautkillers-glyphosat-verbieten","status":"publish","type":"post","link":"http:\/\/www.kunstgalerie-barbara.de\/blog\/2015\/10\/einsatz-des-unkrautkillers-glyphosat-verbieten\/","title":{"rendered":"Einsatz des Unkrautkillers Glyphosat verbieten!"},"content":{"rendered":"<div class=\"csc-header csc-header-n1\">\n<h1 class=\"csc-firstHeader\">Einsatz des Unkrautkillers Glyphosat verbieten!<\/h1>\n<\/div>\n<div class=\"csc-textpic csc-textpic-intext-left\">\n<div class=\"csc-textpic-imagewrap csc-textpic-single-image\"><img loading=\"lazy\" decoding=\"async\" title=\"Totenkopf aus Maisfeld (Montage); Foto Maisfeld: G\u00fcnter Havlena \/ pixelio.de\" src=\"https:\/\/www.bund.net\/typo3temp\/pics\/d31b14181c.jpg\" alt=\"Totenkopf aus Maisfeld (Montage); Foto Maisfeld: G\u00fcnter Havlena \/ pixelio.de\" width=\"180\" height=\"156\" \/><\/div>\n<div class=\"csc-textpic-text\">\n<p class=\"bodytext\">Das Unkrautvernichtungsmittel Glyphosat steht im Verdacht, Embryonen zu sch\u00e4digen und Krebs auszul\u00f6sen. Agrarminister Christian Schmidt muss endlich damit beginnen, den Einsatz von Glyphosat zur\u00fcckzudr\u00e4ngen. Unabh\u00e4ngige Studien zeigen, dass Glyphosat gef\u00e4hrlicher ist, als Industrie und Beh\u00f6rden behaupten. Der BUND fordert die Bundesregierung dazu auf, das Spritzen mit Glyphosat vollst\u00e4ndig zu verbieten.<\/p>\n<p class=\"bodytext\">Schicken Sie den BUND-Aufruf an Bundesland\u00adwirtschafts\u00administer Schmidt. Einfach hier auf dieser Seite unterschreiben und abschicken.<\/p>\n<p class=\"bodytext\">Oder drucken Sie sich unsere <a class=\"download_extern\" title=\"TEXT, 140108 bund chemie unterschriftenliste glyphosat, 140108_bund_chemie_unterschriftenliste_glyphosat.pdf, 112 KB\" href=\"https:\/\/www.bund.net\/fileadmin\/bundnet\/pdfs\/chemie\/pestizide\/140108_bund_chemie_unterschriftenliste_glyphosat.pdf\" target=\"_blank\">Unterschriftenliste<\/a> aus und sammeln Sie Stimmen gegen Glyphosat auf der Stra\u00dfe.<\/p>\n<\/div>\n<\/div>\n","protected":false},"excerpt":{"rendered":"<p>Einsatz des Unkrautkillers Glyphosat verbieten! Das Unkrautvernichtungsmittel Glyphosat steht im Verdacht, Embryonen zu sch\u00e4digen und Krebs auszul\u00f6sen. Agrarminister Christian Schmidt muss endlich damit beginnen, den Einsatz von Glyphosat zur\u00fcckzudr\u00e4ngen. Unabh\u00e4ngige Studien zeigen, dass Glyphosat gef\u00e4hrlicher ist, als Industrie und Beh\u00f6rden behaupten. Der BUND fordert die Bundesregierung dazu auf, das Spritzen mit Glyphosat vollst\u00e4ndig zu verbieten. Schicken Sie den BUND-Aufruf an Bundesland\u00adwirtschafts\u00administer Schmidt. Einfach hier auf dieser Seite unterschreiben und abschicken. Oder drucken Sie sich unsere Unterschriftenliste aus und sammeln Sie Stimmen gegen Glyphosat auf der Stra\u00dfe.<\/p>\n","protected":false},"author":1,"featured_media":0,"comment_status":"open","ping_status":"open","sticky":false,"template":"","format":"standard","meta":{"footnotes":""},"categories":[74,76,51,64],"tags":[],"jetpack_featured_media_url":"","_links":{"self":[{"href":"http:\/\/www.kunstgalerie-barbara.de\/blog\/wp-json\/wp\/v2\/posts\/16523"}],"collection":[{"href":"http:\/\/www.kunstgalerie-barbara.de\/blog\/wp-json\/wp\/v2\/posts"}],"about":[{"href":"http:\/\/www.kunstgalerie-barbara.de\/blog\/wp-json\/wp\/v2\/types\/post"}],"author":[{"embeddable":true,"href":"http:\/\/www.kunstgalerie-barbara.de\/blog\/wp-json\/wp\/v2\/users\/1"}],"replies":[{"embeddable":true,"href":"http:\/\/www.kunstgalerie-barbara.de\/blog\/wp-json\/wp\/v2\/comments?post=16523"}],"version-history":[{"count":1,"href":"http:\/\/www.kunstgalerie-barbara.de\/blog\/wp-json\/wp\/v2\/posts\/16523\/revisions"}],"predecessor-version":[{"id":16527,"href":"http:\/\/www.kunstgalerie-barbara.de\/blog\/wp-json\/wp\/v2\/posts\/16523\/revisions\/16527"}],"wp:attachment":[{"href":"http:\/\/www.kunstgalerie-barbara.de\/blog\/wp-json\/wp\/v2\/media?parent=16523"}],"wp:term":[{"taxonomy":"category","embeddable":true,"href":"http:\/\/www.kunstgalerie-barbara.de\/blog\/wp-json\/wp\/v2\/categories?post=16523"},{"taxonomy":"post_tag","embeddable":true,"href":"http:\/\/www.kunstgalerie-barbara.de\/blog\/wp-json\/wp\/v2\/tags?post=16523"}],"curies":[{"name":"wp","href":"https:\/\/api.w.org\/{rel}","templated":true}]}}