{"id":16548,"date":"2015-10-24T07:16:46","date_gmt":"2015-10-24T05:16:46","guid":{"rendered":"http:\/\/www.kunstgalerie-barbara.de\/blog\/?p=16548"},"modified":"2015-10-28T06:16:13","modified_gmt":"2015-10-28T04:16:13","slug":"jedem-ist-klar-dass-die-zeitumstellung-voellig-ueberfluessig-ist-trotzdem-wird-dem-humbug-kein-ende-gemacht-und-warum-weil-wir-in-dem-voellig-unsinnigen-punkt-halt-treue-europaeer-sein-wollen","status":"publish","type":"post","link":"http:\/\/www.kunstgalerie-barbara.de\/blog\/2015\/10\/jedem-ist-klar-dass-die-zeitumstellung-voellig-ueberfluessig-ist-trotzdem-wird-dem-humbug-kein-ende-gemacht-und-warum-weil-wir-in-dem-voellig-unsinnigen-punkt-halt-treue-europaeer-sein-wollen\/","title":{"rendered":"Jedem ist klar, da\u00df die Zeitumstellung im Fr\u00fchjahr und im Herbst v\u00f6llig \u00fcberfl\u00fcssig ist, trotzdem wird dem Humbug kein Ende gemacht. Und warum, weil wir in diesem v\u00f6llig unsinnigen Punkt darauf bestehen, treue Europ\u00e4er sein zu wollen"},"content":{"rendered":"<p><a href=\"http:\/\/www.kunstgalerie-barbara.de\/blog\/wp-content\/uploads\/2015\/10\/P1320924-Kopie.jpg\"><img loading=\"lazy\" decoding=\"async\" class=\"aligncenter wp-image-16549 size-full\" src=\"http:\/\/www.kunstgalerie-barbara.de\/blog\/wp-content\/uploads\/2015\/10\/P1320924-Kopie.jpg\" alt=\"P1320924 Kopie\" width=\"470\" height=\"354\" srcset=\"http:\/\/www.kunstgalerie-barbara.de\/blog\/wp-content\/uploads\/2015\/10\/P1320924-Kopie.jpg 470w, http:\/\/www.kunstgalerie-barbara.de\/blog\/wp-content\/uploads\/2015\/10\/P1320924-Kopie-300x226.jpg 300w\" sizes=\"(max-width: 470px) 100vw, 470px\" \/><\/a><\/p>\n","protected":false},"excerpt":{"rendered":"","protected":false},"author":1,"featured_media":0,"comment_status":"open","ping_status":"open","sticky":false,"template":"","format":"standard","meta":{"footnotes":""},"categories":[42,40,51],"tags":[],"jetpack_featured_media_url":"","_links":{"self":[{"href":"http:\/\/www.kunstgalerie-barbara.de\/blog\/wp-json\/wp\/v2\/posts\/16548"}],"collection":[{"href":"http:\/\/www.kunstgalerie-barbara.de\/blog\/wp-json\/wp\/v2\/posts"}],"about":[{"href":"http:\/\/www.kunstgalerie-barbara.de\/blog\/wp-json\/wp\/v2\/types\/post"}],"author":[{"embeddable":true,"href":"http:\/\/www.kunstgalerie-barbara.de\/blog\/wp-json\/wp\/v2\/users\/1"}],"replies":[{"embeddable":true,"href":"http:\/\/www.kunstgalerie-barbara.de\/blog\/wp-json\/wp\/v2\/comments?post=16548"}],"version-history":[{"count":1,"href":"http:\/\/www.kunstgalerie-barbara.de\/blog\/wp-json\/wp\/v2\/posts\/16548\/revisions"}],"predecessor-version":[{"id":16573,"href":"http:\/\/www.kunstgalerie-barbara.de\/blog\/wp-json\/wp\/v2\/posts\/16548\/revisions\/16573"}],"wp:attachment":[{"href":"http:\/\/www.kunstgalerie-barbara.de\/blog\/wp-json\/wp\/v2\/media?parent=16548"}],"wp:term":[{"taxonomy":"category","embeddable":true,"href":"http:\/\/www.kunstgalerie-barbara.de\/blog\/wp-json\/wp\/v2\/categories?post=16548"},{"taxonomy":"post_tag","embeddable":true,"href":"http:\/\/www.kunstgalerie-barbara.de\/blog\/wp-json\/wp\/v2\/tags?post=16548"}],"curies":[{"name":"wp","href":"https:\/\/api.w.org\/{rel}","templated":true}]}}