{"id":16601,"date":"2015-11-06T19:12:53","date_gmt":"2015-11-06T17:12:53","guid":{"rendered":"http:\/\/www.kunstgalerie-barbara.de\/blog\/?p=16601"},"modified":"2015-11-06T19:13:53","modified_gmt":"2015-11-06T17:13:53","slug":"petition-gegen-vogelmord-unterstuetzen","status":"publish","type":"post","link":"http:\/\/www.kunstgalerie-barbara.de\/blog\/2015\/11\/petition-gegen-vogelmord-unterstuetzen\/","title":{"rendered":"Petition gegen Vogelmord unterst\u00fctzen!"},"content":{"rendered":"<h2>Frankreich: J\u00e4hrlich 500.000 Singv\u00f6gel Opfer illegaler Fallenjagd<\/h2>\n<div class=\"teaser-text\">\n<p>Obwohl die Jagd auf Singv\u00f6gel durch EU-Recht seit 1979 verboten ist, dr\u00fccken die franz\u00f6sischen Beh\u00f6rden beide Augen zu. Der NABU-Partner LPO fordert jetzt mit einer Petition von Pr\u00e4sident Hollande, das Massaker endlich zu beenden.<\/p>\n<\/div>\n<div class=\"image imagebig\"><a title=\"M\u00e4nnlicher Ortolan - Foto: Aurelien Audevard\" href=\"https:\/\/www.nabu.de\/imperia\/md\/nabu\/images\/arten\/tiere\/voegel\/ammern-ortolane\/151103-nabu-male-ortolan-aurelienaudevard680x453.jpeg\" rel=\"lightbox\"> <img loading=\"lazy\" decoding=\"async\" class=\"\" title=\"M\u00e4nnlicher Ortolan - Foto: Aurelien Audevard\" src=\"https:\/\/www.nabu.de\/imperia\/md\/nabu\/images\/arten\/tiere\/voegel\/ammern-ortolane\/151103-nabu-male-ortolan-aurelienaudevard680x453.jpeg\" alt=\"M\u00e4nnlicher Ortolan - Foto: Aurelien Audevard\" width=\"336\" height=\"224\" \/> <\/a><\/p>\n<p>M\u00e4nnlicher Ortolan &#8211; Foto: Aurelien Audevard<\/p>\n<\/div>\n<p><strong>03. November 2015<\/strong> &#8211; Der anstrengende Zug nach S\u00fcden und wieder zur\u00fcck bekommt vielen unserer Zugvogelarten schlecht: Die Best\u00e4nde langstreckenziehender Vogelarten gehen in Deutschland st\u00e4rker zur\u00fcck als andere Artengruppen. Zus\u00e4tzlich zum Verlust von Rast- und \u00dcberwinterungslebensr\u00e4umen tr\u00e4gt die direkte Nachstellung durch Wilderer auf dem Zug zu ihrem R\u00fcckgang bei. Der NABU unterst\u00fctzt daher Initiativen gegen den Vogelmord in den bekannten Brennpunkten \u00c4gypten, Zypern und Malta. LPO (Ligue pour la Protection des Oiseaux), die franz\u00f6sische Partnerorganisation des NABU im gemeinsamen Netzwerk von BirdLife International, k\u00e4mpft gleichzeitig gegen den illegalen Fang von Singv\u00f6geln in Frankreich. <\/p>\n<p>Etwa 500.000 Singv\u00f6gel werden j\u00e4hrlich in Frankreich mit in Fallen und an Leimruten gefangen, obwohl alle Arten von Fallen EU-weit verboten sind, da sie unspezifisch alle Arten von V\u00f6geln fangen k\u00f6nnten. Frankreich hat jedoch f\u00fcr einige Fallentypen wie Rosshaarschlingen, Steinquetschfallen oder Netze fragw\u00fcrdige Ausnahmegenehmigungen erteilt und weist bei anderen Praktiken die zust\u00e4ndigen Beh\u00f6rden an, diese verbotenen Methoden, weil \u201etraditionell\u201c, nicht zu verfolgen.<!--more--><\/p>\n<p>&nbsp;<\/p>\n<h4 class=\"gray-font\">Gestopft, in Weinbrand ertr\u00e4nkt und an Neujahr verspeist<\/h4>\n<div class=\"image-right col-sm-6 col-xs-7\"><a title=\"Ein Ortolan gefangen in einer K\u00e4figfalle - Foto: LPO\/Baptiste Marechal\" href=\"https:\/\/www.nabu.de\/imperia\/md\/nabu\/images\/arten\/tiere\/voegel\/ammern-ortolane\/151103-nabu-ortolan-lpo-baptiste_marechal680x453.jpeg\" rel=\"lightbox\"> <img decoding=\"async\" title=\"Ein Ortolan gefangen in einer K\u00e4figfalle - Foto: LPO\/Baptiste Marechal\" src=\"https:\/\/www.nabu.de\/imperia\/md\/nabu\/images\/arten\/tiere\/voegel\/ammern-ortolane\/151103-nabu-ortolan-lpo-baptiste_marechal680x453.jpeg\" alt=\"Ein Ortolan gefangen in einer K\u00e4figfalle - Foto: LPO\/Baptiste Marechal\" \/> <\/a><\/p>\n<p>Ein Ortolan gefangen in einer K\u00e4figfalle &#8211; Foto: LPO\/Baptiste Marechal<\/p>\n<\/div>\n<p>Eine besonders absto\u00dfende Wildereipraxis gibt es im Department Landes in der Gegend von Bordeaux, die \u2013 obwohl illegal \u2013 bisher vom Staat geduldet wird: 10.000 bis 30.000 seltene Ortolane, eine in Deutschland vom Aussterben bedrohte Ammernart, werden dort jedes Jahr zwischen Ende August und Ende September mit illegalen Fallen gefangen. Dazu werden diese K\u00f6rnerfresser mit gek\u00e4figten Lockv\u00f6geln angelockt und dann mit ausgelegtem Futter in Fallen gelockt. Die gefangenen V\u00f6gel werden dann wie G\u00e4nse gestopft, damit sie m\u00f6glichst fett sind, bevor sie f\u00fcr bis zu 150 Euro als Delikatesse verkauft werden. Durch Ertr\u00e4nken in Weinbrand werden die V\u00f6gel get\u00f6tet. Das Verspeisen eines Ortolans gilt in dieser Region als Neujahrsbrauch. Sp\u00e4ter im Herbst werden auch Finkenv\u00f6gel wie Bergfinken und unsere Buchfinken auf ihrem Weg nach S\u00fcden auf dieselbe Weise gefangen.<\/p>\n<p>In Frankreich selber gibt es nur noch 15.000 Paare br\u00fctender Ortolane. Sie nehmen dort stark ab. Die meisten dort gefangenen Ortolane sind jedoch Zugv\u00f6gel, die aus Deutschland, Skandinavien und vor allem aus Polen stammen. In Deutschland gibt es nach neuesten Zahlen nur zwischen 10.000 und 16.000 Brutpaare. Wo sie vorkommt, zum Beispiel in reichstrukturierter Agrarlandschaft auf der Mainfr\u00e4nkischen Platte in Bayern oder im \u00f6stlichen Niedersachsen wird sie oft aufwendig gesch\u00fctzt. Die gesamteurop\u00e4ische Population des Ortolans ist in den vergangenen drei Jahrzehnten um 84 Prozent zur\u00fcckgegangen.<\/p>\n<p>&nbsp;<\/p>\n<div class=\"box yellow-box large second-large col-sm-6\">\n<div class=\"box-image\"><img decoding=\"async\" title=\"Ortolan - Foto: Frank Derer\" src=\"https:\/\/www.nabu.de\/imperia\/md\/nabu\/images\/arten\/tiere\/voegel\/ammern-ortolane\/140919-nabu-ortolan-frank-derer7.jpeg\" alt=\"Ortolan - Foto: Frank Derer\" \/><\/div>\n<h4>Ihre Unterschrift gegen den Vogelmord in Frankreich<\/h4>\n<p>Unterst\u00fctzen Sie jetzt mit Ihrer Unterschrift die Petition des NABU-Partners LPO gegen illegale Vogeljagd in Frankreich!<\/p>\n<h3><a href=\"https:\/\/secure.avaaz.org\/en\/petition\/Mettons_fin_au_massacre_illegal_des_oiseaux_familiers\/?nJYhBdb\" target=\"_blank\">Zur Petition&#8230;<\/a><\/h3>\n<\/div>\n<p>Damit Schutzanstrengungen in einem Land nicht durch Jagd in einem anderen Land Europas zunichte gemacht werden, haben die Mitgliedsstaaten der EU bereits 1979 die Europ\u00e4ische Vogelschutzrichtlinie beschlossen. Die Jagd auf Ortolane ist seitdem europaweit verboten. 1999 wurde dieses Verbot auch endlich in franz\u00f6sisches Recht umgesetzt. Das Fangen von Ortolanen in Frankreich ist daher illegal und kriminell und kann mit Geldstrafen bis zu 15.000 Euro oder mit einem Jahr Gef\u00e4ngnis geahndet werden.<\/p>\n<p>In der Praxis existieren im betroffenen Departement Landes aber hunderte Stellen mit aktiven Fallen. Der Pr\u00e4fekt des Departements hat den Wilderern zugesagt, nicht gegen die Fallenstellerei vorzugehen. Gleichzeitig verweist Frankreich darauf, dass seine Gesetze den europ\u00e4ischen Anforderungen entsprechen. LPO geht seit nunmehr zehn Jahren aktiv gegen dieses eklatante Umsetzungsdefizit vor: Gruppen von Freiwilligen sp\u00fcren die Fallen auf, machen sie unsch\u00e4dlich und bringen sie zur Anzeige. Gleichzeitig hat LPO bei der EU-Kommission eine Beschwerde gegen Frankreich eingelegt. <\/p>\n<p>Anl\u00e4sslich des 2016 anstehenden 40-j\u00e4hrigen Bestehens des franz\u00f6sischen Naturschutzgesetzes hat LPO nun eine internationale Petition an den franz\u00f6sischen Pr\u00e4sidenten Holland gestartet. Unter dem Titel \u201eStoppen Sie das illegale Massaker an Singv\u00f6geln\u201c fordert LPO ein Ende des von den Beh\u00f6rden geduldeten Vogelfangs und erinnern den Pr\u00e4sidenten an sein Wahlversprechen aus dem Jahr 2012, Frankreich zu einem Vorreiter im Artenschutz zu machen. Der NABU unterst\u00fctzt diese Petition.<\/p>\n","protected":false},"excerpt":{"rendered":"<p>Frankreich: J\u00e4hrlich 500.000 Singv\u00f6gel Opfer illegaler Fallenjagd Obwohl die Jagd auf Singv\u00f6gel durch EU-Recht seit 1979 verboten ist, dr\u00fccken die franz\u00f6sischen Beh\u00f6rden beide Augen zu. Der NABU-Partner LPO fordert jetzt mit einer Petition von Pr\u00e4sident Hollande, das Massaker endlich zu beenden. M\u00e4nnlicher Ortolan &#8211; Foto: Aurelien Audevard 03. November 2015 &#8211; Der anstrengende Zug nach S\u00fcden und wieder zur\u00fcck bekommt vielen unserer Zugvogelarten schlecht: Die Best\u00e4nde langstreckenziehender Vogelarten gehen in Deutschland st\u00e4rker zur\u00fcck als andere Artengruppen. Zus\u00e4tzlich zum Verlust von Rast- und \u00dcberwinterungslebensr\u00e4umen tr\u00e4gt die direkte Nachstellung durch Wilderer auf dem Zug zu ihrem R\u00fcckgang bei. Der NABU unterst\u00fctzt daher Initiativen gegen den Vogelmord in den bekannten Brennpunkten \u00c4gypten, Zypern und Malta. LPO (Ligue pour la Protection des Oiseaux), die franz\u00f6sische Partnerorganisation des NABU im gemeinsamen Netzwerk von BirdLife International, k\u00e4mpft gleichzeitig gegen den illegalen Fang von Singv\u00f6geln in Frankreich. Etwa 500.000 Singv\u00f6gel werden j\u00e4hrlich in Frankreich mit in Fallen und an Leimruten gefangen, obwohl alle Arten von Fallen EU-weit verboten sind, da sie unspezifisch alle Arten von V\u00f6geln fangen k\u00f6nnten. Frankreich hat jedoch f\u00fcr einige Fallentypen wie Rosshaarschlingen, Steinquetschfallen oder Netze fragw\u00fcrdige Ausnahmegenehmigungen erteilt und weist bei anderen Praktiken die zust\u00e4ndigen Beh\u00f6rden an, diese verbotenen Methoden, weil \u201etraditionell\u201c, nicht zu verfolgen.<\/p>\n","protected":false},"author":1,"featured_media":0,"comment_status":"open","ping_status":"open","sticky":false,"template":"","format":"standard","meta":{"footnotes":""},"categories":[67,76,71,51,64],"tags":[],"jetpack_featured_media_url":"","_links":{"self":[{"href":"http:\/\/www.kunstgalerie-barbara.de\/blog\/wp-json\/wp\/v2\/posts\/16601"}],"collection":[{"href":"http:\/\/www.kunstgalerie-barbara.de\/blog\/wp-json\/wp\/v2\/posts"}],"about":[{"href":"http:\/\/www.kunstgalerie-barbara.de\/blog\/wp-json\/wp\/v2\/types\/post"}],"author":[{"embeddable":true,"href":"http:\/\/www.kunstgalerie-barbara.de\/blog\/wp-json\/wp\/v2\/users\/1"}],"replies":[{"embeddable":true,"href":"http:\/\/www.kunstgalerie-barbara.de\/blog\/wp-json\/wp\/v2\/comments?post=16601"}],"version-history":[{"count":1,"href":"http:\/\/www.kunstgalerie-barbara.de\/blog\/wp-json\/wp\/v2\/posts\/16601\/revisions"}],"predecessor-version":[{"id":16603,"href":"http:\/\/www.kunstgalerie-barbara.de\/blog\/wp-json\/wp\/v2\/posts\/16601\/revisions\/16603"}],"wp:attachment":[{"href":"http:\/\/www.kunstgalerie-barbara.de\/blog\/wp-json\/wp\/v2\/media?parent=16601"}],"wp:term":[{"taxonomy":"category","embeddable":true,"href":"http:\/\/www.kunstgalerie-barbara.de\/blog\/wp-json\/wp\/v2\/categories?post=16601"},{"taxonomy":"post_tag","embeddable":true,"href":"http:\/\/www.kunstgalerie-barbara.de\/blog\/wp-json\/wp\/v2\/tags?post=16601"}],"curies":[{"name":"wp","href":"https:\/\/api.w.org\/{rel}","templated":true}]}}