{"id":16783,"date":"2015-11-14T07:14:46","date_gmt":"2015-11-14T05:14:46","guid":{"rendered":"http:\/\/www.kunstgalerie-barbara.de\/blog\/?p=16783"},"modified":"2015-11-14T07:16:13","modified_gmt":"2015-11-14T05:16:13","slug":"dieses-gerichtsurteil-des-oberlandesgerichts-duesseldorf-vom-september-2015-obwohl-ein-einzelurteil-wird-leider-grosse-folgen-haben-fuer-uns-alle-die-sich-osteopathisch-behandeln-lassen-und-wir-pa","status":"publish","type":"post","link":"http:\/\/www.kunstgalerie-barbara.de\/blog\/2015\/11\/dieses-gerichtsurteil-des-oberlandesgerichts-duesseldorf-vom-september-2015-obwohl-ein-einzelurteil-wird-leider-grosse-folgen-haben-fuer-uns-alle-die-sich-osteopathisch-behandeln-lassen-und-wir-pa\/","title":{"rendered":"Dieses Gerichtsurteil des Oberlandesgerichts D\u00fcsseldorf vom September 2015. obwohl ein Einzelurteil, wird leider gro\u00dfe Folgen haben f\u00fcr uns alle, die sich osteopathisch behandeln lassen und wir Patienten sollten nicht zulassen, dass in Zukunft nur noch \u00c4rzte oder Heilpraktiker Osteopathie anwenden d\u00fcrfen!&#8221;"},"content":{"rendered":"<div id=\"js_3\" class=\"_5pbx userContent\" data-ft=\"{&quot;tn&quot;:&quot;K&quot;}\">\n<div id=\"id_5646c2190ec7a7974846986\" class=\"text_exposed_root text_exposed\">\n<p>Das Oberlandesgericht (OLG) D\u00fcsseldorf hat k\u00fcrzlich einem Physiotherapeuten jegliche Werbung mit Osteopathie sowie deren Anwendung untersagt. Nach Auffassung der Richter d<span class=\"text_exposed_show\">\u00fcrfen Physiotherapeuten gem\u00e4\u00df Heilpraktiker-Gesetz (HeilprG) die Osteopathie nicht aus\u00fcben.<\/span><\/p>\n<div class=\"text_exposed_show\">\n<p>Die Osteopathie d\u00fcrfe nur mit Heilpraktiker-Erlaubnis oder von approbierten \u00c4rzten angeboten und durchgef\u00fchrt werden. Die Richter betonen, dass \u201edie Ausf\u00fchrung osteopathischer Behandlungsmethoden medizinische Fachkenntnisse voraussetzt und eine unsachgem\u00e4\u00dfe Aus\u00fcbung geeignet ist, gesundheitliche Sch\u00e4den zu verursachen\u201c. Die Osteopathie sei aber nicht Bestandteil des Ausbildungs- und Pr\u00fcfungscurriculums f\u00fcr Physiotherapeuten, hei\u00dft es weiter.<\/p>\n<p>Auch der Hinweis, dass eine Mitarbeiterin des beklagten Physiotherapeuten eine Osteopathie-Ausbildung der Bundesarbeitsgemeinschaft Osteopathie (BAO) vorweisen kann, sei ohne Belang. \u201eEine derartige Ausbildung k\u00f6nnte allenfalls die Voraussetzung f\u00fcr die Erteilung einer Erlaubnis sein, w\u00fcrde diese jedoch in keinem Fall ersetzen.\u201c<\/p>\n<p>Eine Revision wurde vom OLG mit der Begr\u00fcndung nicht zugelassen, es handele sich um eine \u201ereine Einzelfallentscheidung\u201c.<\/p>\n<p>Mehr unter <a href=\"http:\/\/www.justiz.nrw.de\/nrwe\/olgs\/duesseldorf\/j2015\/I_20_U_236_13_Urteil_20150908.html\" target=\"_blank\" rel=\"nofollow\">http:\/\/www.justiz.nrw.de\/\u2026\/I_20_U_236_13_Urteil_20150908.ht\u2026<\/a><br \/>\nTags: Abmahnung, Gericht, Heilpraktiker, Osteopathie, Physiotherapie, sektoraler Heilpraktiker, Urteil, Werbung<\/p>\n<\/div>\n<\/div>\n<div class=\"\"><\/div>\n<\/div>\n<div class=\"_3x-2\">\n<div data-ft=\"{&quot;tn&quot;:&quot;H&quot;}\">\n<div class=\"mtm\">\n<div id=\"u_0_1x\" class=\"_6m2 _1zpr clearfix _dcs _4_w4 _51cc _6m4 _5cwb\" data-ft=\"{&quot;tn&quot;:&quot;H&quot;}\">\n<div class=\"clearfix _2r3x\">\n<div class=\"lfloat _ohe\"><\/div>\n<div class=\"_42ef\">\n<div class=\"_3ekx\">\n<div class=\"_6m3\">\n<div class=\"mbs _6m6\"><a href=\"http:\/\/l.facebook.com\/l.php?u=http%3A%2F%2Fwww.justiz.nrw.de%2Fnrwe%2Folgs%2Fduesseldorf%2Fj2015%2FI_20_U_236_13_Urteil_20150908.html&amp;h=gAQGVEVDr&amp;enc=AZMsU6gXvEbJqzHlcxrslWY2q37q56CttD6FzBkQ6OSVmpZdOzZ742gAVYR7WPfWkLiDuTejPsKZl0-Do5HO2Q8_UTEQE7bQlhn0eoJbtJ2H49RoqBm9BbcA1SPum563TtwNh6sB57Nb7WGnvPLOuO5qcSZ3U7ekbBPQCu9_VcnIN0Y8UJ2e7-BkjDfs3lgnXUOXYzujAZdMtcvhdAi92Jck&amp;s=1\" target=\"_blank\" rel=\"nofollow\">Oberlandesgericht D\u00fcsseldorf, I-20 U 236\/13<\/a><\/div>\n<div class=\"_6m7\">Die Berufung des Beklagten gegen das am 16. Oktober 2013 verk\u00fcndete Urteil der 12. Zivilkammer des Landgerichts D\u00fcsseldorf wird zur\u00fcckgewiesen.<\/div>\n<div class=\"_59tj\">\n<div>\n<div class=\"_6lz _6mb ellipsis\">justiz.nrw.de<\/div>\n<div class=\"_5tc6\"><\/div>\n<\/div>\n<\/div>\n<\/div>\n<\/div>\n<\/div>\n<\/div>\n<\/div>\n<\/div>\n<\/div>\n<\/div>\n","protected":false},"excerpt":{"rendered":"<p>Das Oberlandesgericht (OLG) D\u00fcsseldorf hat k\u00fcrzlich einem Physiotherapeuten jegliche Werbung mit Osteopathie sowie deren Anwendung untersagt. Nach Auffassung der Richter d\u00fcrfen Physiotherapeuten gem\u00e4\u00df Heilpraktiker-Gesetz (HeilprG) die Osteopathie nicht aus\u00fcben. Die Osteopathie d\u00fcrfe nur mit Heilpraktiker-Erlaubnis oder von approbierten \u00c4rzten angeboten und durchgef\u00fchrt werden. Die Richter betonen, dass \u201edie Ausf\u00fchrung osteopathischer Behandlungsmethoden medizinische Fachkenntnisse voraussetzt und eine unsachgem\u00e4\u00dfe Aus\u00fcbung geeignet ist, gesundheitliche Sch\u00e4den zu verursachen\u201c. Die Osteopathie sei aber nicht Bestandteil des Ausbildungs- und Pr\u00fcfungscurriculums f\u00fcr Physiotherapeuten, hei\u00dft es weiter. Auch der Hinweis, dass eine Mitarbeiterin des beklagten Physiotherapeuten eine Osteopathie-Ausbildung der Bundesarbeitsgemeinschaft Osteopathie (BAO) vorweisen kann, sei ohne Belang. \u201eEine derartige Ausbildung k\u00f6nnte allenfalls die Voraussetzung f\u00fcr die Erteilung einer Erlaubnis sein, w\u00fcrde diese jedoch in keinem Fall ersetzen.\u201c Eine Revision wurde vom OLG mit der Begr\u00fcndung nicht zugelassen, es handele sich um eine \u201ereine Einzelfallentscheidung\u201c. Mehr unter http:\/\/www.justiz.nrw.de\/\u2026\/I_20_U_236_13_Urteil_20150908.ht\u2026 Tags: Abmahnung, Gericht, Heilpraktiker, Osteopathie, Physiotherapie, sektoraler Heilpraktiker, Urteil, Werbung Oberlandesgericht D\u00fcsseldorf, I-20 U 236\/13 Die Berufung des Beklagten gegen das am 16. Oktober 2013 verk\u00fcndete Urteil der 12. Zivilkammer des Landgerichts D\u00fcsseldorf wird zur\u00fcckgewiesen. justiz.nrw.de<\/p>\n","protected":false},"author":1,"featured_media":0,"comment_status":"open","ping_status":"open","sticky":false,"template":"","format":"standard","meta":{"footnotes":""},"categories":[42,75,40,51],"tags":[],"jetpack_featured_media_url":"","_links":{"self":[{"href":"http:\/\/www.kunstgalerie-barbara.de\/blog\/wp-json\/wp\/v2\/posts\/16783"}],"collection":[{"href":"http:\/\/www.kunstgalerie-barbara.de\/blog\/wp-json\/wp\/v2\/posts"}],"about":[{"href":"http:\/\/www.kunstgalerie-barbara.de\/blog\/wp-json\/wp\/v2\/types\/post"}],"author":[{"embeddable":true,"href":"http:\/\/www.kunstgalerie-barbara.de\/blog\/wp-json\/wp\/v2\/users\/1"}],"replies":[{"embeddable":true,"href":"http:\/\/www.kunstgalerie-barbara.de\/blog\/wp-json\/wp\/v2\/comments?post=16783"}],"version-history":[{"count":1,"href":"http:\/\/www.kunstgalerie-barbara.de\/blog\/wp-json\/wp\/v2\/posts\/16783\/revisions"}],"predecessor-version":[{"id":16785,"href":"http:\/\/www.kunstgalerie-barbara.de\/blog\/wp-json\/wp\/v2\/posts\/16783\/revisions\/16785"}],"wp:attachment":[{"href":"http:\/\/www.kunstgalerie-barbara.de\/blog\/wp-json\/wp\/v2\/media?parent=16783"}],"wp:term":[{"taxonomy":"category","embeddable":true,"href":"http:\/\/www.kunstgalerie-barbara.de\/blog\/wp-json\/wp\/v2\/categories?post=16783"},{"taxonomy":"post_tag","embeddable":true,"href":"http:\/\/www.kunstgalerie-barbara.de\/blog\/wp-json\/wp\/v2\/tags?post=16783"}],"curies":[{"name":"wp","href":"https:\/\/api.w.org\/{rel}","templated":true}]}}