{"id":16789,"date":"2015-11-16T05:30:08","date_gmt":"2015-11-16T03:30:08","guid":{"rendered":"http:\/\/www.kunstgalerie-barbara.de\/blog\/?p=16789"},"modified":"2015-11-16T05:30:08","modified_gmt":"2015-11-16T03:30:08","slug":"leider-die-allseits-bekannte-vorgehensweise-der-usa-erst-diktatoren-und-terrorgruppen-unterstuetzen-um-dann-spaeter-gegen-sie-krieg-zu-fuehren","status":"publish","type":"post","link":"http:\/\/www.kunstgalerie-barbara.de\/blog\/2015\/11\/leider-die-allseits-bekannte-vorgehensweise-der-usa-erst-diktatoren-und-terrorgruppen-unterstuetzen-um-dann-spaeter-gegen-sie-krieg-zu-fuehren\/","title":{"rendered":"Leider die allseits bekannte Vorgehensweise der USA! Erst Diktatoren und Terrorgruppen unterst\u00fctzen um dann sp\u00e4ter gegen sie Krieg zu f\u00fchren!"},"content":{"rendered":"<p>Pentagon-Bericht enth\u00fclltUSA lie\u00dfen den IS gew\u00e4hren<\/p>\n<p>Von Nora Schareika<\/p>\n<p>Eine der g\u00e4ngigsten Verschw\u00f6rungstheorien zum Islamischen Staat ist, er sei ein Produkt der USA. Die Enth\u00fcllung geheimer Dokumente zeigt, dass die Amerikaner der Entstehung des IS zumindest nichts entgegensetzt haben &#8211; weil sie darin ein Chance<\/p>\n<p>Die Regierung der USA ahnte schon vor drei Jahren, dass eine islamistische Terrororganisation im Osten Syriens einen eigenen Staat ausrufen k\u00f6nnte. Das belegen Dokumente der amerikanischen Defense Intelligence Agency (DIA), die der britische Enth\u00fcllungsjournalist Nafeez Ahmed ausgewertet hat. Der Artikel ist auf der durch freiwillige Spenden (&#8220;Crowdfunding&#8221;) finanzierten Plattform &#8220;Insurge Intelligence&#8221; erschienen.<!--more--><br \/>\nVideo<br \/>\nIS weiter auf dem Vormarsch: Pentagon-Chef kritisiert Kampfmoral der Iraker 25.05.15 \u2013 01:27 min Mediathek IS weiter auf dem Vormarsch Pentagon-Chef kritisiert Kampfmoral der Iraker<\/p>\n<p>Ahmed schreibt unter Berufung auf die Dokumente, dass die USA und westliche Staaten gemeinsam mit der T\u00fcrkei und sunnitischen Golfstaaten wissentlich radikal-islamische Gruppen in Syrien unterst\u00fctzt h\u00e4tten. Dabei h\u00e4tten sie in Kauf genommen, dass sich diese im weiteren Verlauf des Krieges zu einer gro\u00dfen neuen islamistischen Terrorgruppe zusammenschlie\u00dfen k\u00f6nnten.<\/p>\n<p>Genau das ist mit dem &#8220;Islamischen Staat&#8221; vor etwa zwei Jahren auch geschehen. Es wurde vom Pentagon jedoch &#8211; trotz aller ebenfalls erkannten Gefahren &#8211; als hilfreich bei der Destabilisierung des syrischen Regimes gesehen. Die offizielle Version, wonach die USA nur &#8220;moderate&#8221; Rebellengruppen im Syrienkrieg unterst\u00fctzt haben, sei damit falsch. Wom\u00f6glich ist das eine Erkl\u00e4rung daf\u00fcr, dass der IS sich lange Zeit ungehindert formieren und ausbreiten konnte.<br \/>\nWesten wusste \u00fcber Gelder an Dschihadisten Bescheid<\/p>\n<p>Bereits 2012, als das nun in Ausz\u00fcgen \u00f6ffentlich gewordene DIA-Dokument verfasst wurde, war den US-Beh\u00f6rden klar, dass Al-Kaida im Irak eine ma\u00dfgebliche Rolle bei der Unterst\u00fctzung der syrischen Opposition spielte. Die Terrorfiliale gilt als Vorl\u00e4uferorganisation des IS, bei dem fr\u00fchere Geheimdienstler des irakischen Baath-Regimes unter Saddam Hussein die Hauptstrategen sind. Bereits damals war den USA klar, dass der Konflikt in einen Stellvertreterkrieg von Sunniten und Schiiten m\u00fcnden w\u00fcrde.<br \/>\nVideo<br \/>\nIslamischer Staat erobert Ramadi: Schiiten wollen IS mit US-Hilfe in die Flucht schlagen 18.05.15 \u2013 01:25 min Mediathek Islamischer Staat erobert Ramadi Schiiten wollen IS mit US-Hilfe in die Flucht schlagen<\/p>\n<p>W\u00f6rtlich hei\u00dft es in dem zitierten Dokument, es best\u00fcnde die M\u00f6glichkeit, dass sich im Osten Syriens ein neues salafistisches Staatswesen etablieren k\u00f6nnte. &#8220;Und das ist genau was die die Opposition unterst\u00fctzenden M\u00e4chte wollen, um das syrische Regime zu isolieren&#8221;, hei\u00dft es. Das Regime wiederum wird hier als Teil einer vom Iran unterwanderten schiitischen Achse gesehen.<\/p>\n<p>Journalist Ahmed schreibt, dass die US-Regierung durchaus schon durchblicken lie\u00df, welch ungeheure Summen an die extremistischen Gruppen in Syrien und im Irak geflossen sind. Allerdings habe Vizepr\u00e4sident Joe Biden dabei nur die direkten Geldgeber Saudi-Arabien, Katar, Vereinigte Arabische Emirate und die T\u00fcrkei erw\u00e4hnt &#8211; nicht aber, dass die gesamte Strategie der Regionalm\u00e4chte durch die USA, Gro\u00dfbritannien, Frankreich, Israel und andere westliche Regierungen gebilligt und \u00fcberwacht worden sei.<br \/>\nAnti-schiitische Politik mit strategischer Irak-Partnerschaft<br \/>\nMehr zum Thema<\/p>\n<p>Streit um Kampfmoral der Iraker: Al-Abadi kontert US-Kritik 25.05.15 Streit um Kampfmoral der Iraker Al-Abadi kontert US-Kritik<br \/>\nFatale Fehleinsch\u00e4tzung: Das M\u00e4rchen vom geschw\u00e4chten IS 22.05.15 Fatale Fehleinsch\u00e4tzung Das M\u00e4rchen vom geschw\u00e4chten IS<br \/>\nDer IS als Stasi-Kalifat: Die Fehler werden die Fanatiker machen 27.04.15 Der IS als Stasi-Kalifat Die Fehler werden die Fanatiker machen<br \/>\nWiderwilliges Zusammenraufen: Angst vor IS eint die Golf-Monarchien 14.03.15 Widerwilliges Zusammenraufen Angst vor IS eint die Golf-Monarchien<\/p>\n<p>Paradoxerweise machen die Pentagon-Strategen beim inzwischen schiitisch regierten Irak eine Ausnahme bei der sonst strikt antischiitisch ausgerichteten Politik im Nahen und Mittleren Osten. Einerseits soll zwar die iranische Macht am arabischen Golf im Zaum gehalten werden, indem traditionelle sunnitische M\u00e4chte wie Saudi-Arabien, \u00c4gypten und Pakistan gest\u00fctzt werden. Andererseits wollen die USA dem Papier zufolge die strategische Partnerschaft mit der schiitischen irakischen Regierung erhalten &#8211; trotz deren enger Bande mit der F\u00fchrung in Teheran.<\/p>\n<p>Auch die letzten Coups des IS wurden bereits 2012 vorhergesehen: Neben der Eroberung von Mossul, das seit dem vergangenen Sommer die irakische Hauptstadt des IS ist, holten sich die Dschihadisten vor eineinhalb Wochen die Provinzhauptstadt Ramadi zur\u00fcck.<\/p>\n","protected":false},"excerpt":{"rendered":"<p>Pentagon-Bericht enth\u00fclltUSA lie\u00dfen den IS gew\u00e4hren Von Nora Schareika Eine der g\u00e4ngigsten Verschw\u00f6rungstheorien zum Islamischen Staat ist, er sei ein Produkt der USA. Die Enth\u00fcllung geheimer Dokumente zeigt, dass die Amerikaner der Entstehung des IS zumindest nichts entgegensetzt haben &#8211; weil sie darin ein Chance Die Regierung der USA ahnte schon vor drei Jahren, dass eine islamistische Terrororganisation im Osten Syriens einen eigenen Staat ausrufen k\u00f6nnte. Das belegen Dokumente der amerikanischen Defense Intelligence Agency (DIA), die der britische Enth\u00fcllungsjournalist Nafeez Ahmed ausgewertet hat. Der Artikel ist auf der durch freiwillige Spenden (&#8220;Crowdfunding&#8221;) finanzierten Plattform &#8220;Insurge Intelligence&#8221; erschienen.<\/p>\n","protected":false},"author":1,"featured_media":0,"comment_status":"open","ping_status":"open","sticky":false,"template":"","format":"standard","meta":{"footnotes":""},"categories":[42,40,51],"tags":[],"jetpack_featured_media_url":"","_links":{"self":[{"href":"http:\/\/www.kunstgalerie-barbara.de\/blog\/wp-json\/wp\/v2\/posts\/16789"}],"collection":[{"href":"http:\/\/www.kunstgalerie-barbara.de\/blog\/wp-json\/wp\/v2\/posts"}],"about":[{"href":"http:\/\/www.kunstgalerie-barbara.de\/blog\/wp-json\/wp\/v2\/types\/post"}],"author":[{"embeddable":true,"href":"http:\/\/www.kunstgalerie-barbara.de\/blog\/wp-json\/wp\/v2\/users\/1"}],"replies":[{"embeddable":true,"href":"http:\/\/www.kunstgalerie-barbara.de\/blog\/wp-json\/wp\/v2\/comments?post=16789"}],"version-history":[{"count":1,"href":"http:\/\/www.kunstgalerie-barbara.de\/blog\/wp-json\/wp\/v2\/posts\/16789\/revisions"}],"predecessor-version":[{"id":16790,"href":"http:\/\/www.kunstgalerie-barbara.de\/blog\/wp-json\/wp\/v2\/posts\/16789\/revisions\/16790"}],"wp:attachment":[{"href":"http:\/\/www.kunstgalerie-barbara.de\/blog\/wp-json\/wp\/v2\/media?parent=16789"}],"wp:term":[{"taxonomy":"category","embeddable":true,"href":"http:\/\/www.kunstgalerie-barbara.de\/blog\/wp-json\/wp\/v2\/categories?post=16789"},{"taxonomy":"post_tag","embeddable":true,"href":"http:\/\/www.kunstgalerie-barbara.de\/blog\/wp-json\/wp\/v2\/tags?post=16789"}],"curies":[{"name":"wp","href":"https:\/\/api.w.org\/{rel}","templated":true}]}}