{"id":16794,"date":"2015-11-28T07:15:01","date_gmt":"2015-11-28T05:15:01","guid":{"rendered":"http:\/\/www.kunstgalerie-barbara.de\/blog\/?p=16794"},"modified":"2015-11-28T08:16:15","modified_gmt":"2015-11-28T06:16:15","slug":"deshalb-sollten-wir-uns-davor-hueten-muslime-und-fluechtlinge-fuer-die-anschlaege-in-sippenhaft-zu-nehmen-integration-sei-die-beste-waffe-gegen-islamismus","status":"publish","type":"post","link":"http:\/\/www.kunstgalerie-barbara.de\/blog\/2015\/11\/deshalb-sollten-wir-uns-davor-hueten-muslime-und-fluechtlinge-fuer-die-anschlaege-in-sippenhaft-zu-nehmen-integration-sei-die-beste-waffe-gegen-islamismus\/","title":{"rendered":"Deshalb sollten wir uns davor h\u00fcten, Muslime und Fl\u00fcchtlinge f\u00fcr die Anschl\u00e4ge in Sippenhaft zu nehmen. Integration sei die beste Waffe gegen Islamismus."},"content":{"rendered":"<p>J\u00fcrgen Todenh\u00f6fer \u00fcber den Islamischen Staat und die Anschl\u00e4ge von Paris<\/p>\n<p>Dieser Anschlag macht uns Angst. Seine Heimt\u00fccke. Seine Brutalit\u00e4t. Mitten in den Alltag hinein. Mit einfachsten Mitteln. T\u00e4ter, denen nicht mal das eigene Leben etwas wert ist. Der absolute Horror. Wir ahnen: Es k\u00f6nnte uns alle \u00fcberall und jederzeit treffen. Was will der IS damit bewirken?<\/p>\n<p>J\u00fcrgen Todenh\u00f6fer: &#8220;Die wollen den Westen provozieren. Sie haben das ganz klare Ziel, durch diese Anschl\u00e4ge in Paris den Westen zu einer milit\u00e4rischen Intervention zu bekommen.&#8221;<!--more--><br \/>\nJ\u00fcrgen Todenh\u00f6fer stellt sein Buch &#8220;Inside IS \u2013 10 Tage im &#8216;Islamischen Staat'&#8221; vor.<\/p>\n<p>J\u00fcrgen Todenh\u00f6fer reist seit vielen Jahrzehnten in die islamische Welt, auch in die Krisengebiete. F\u00fcr sein aktuelles Buch war er sogar im &#8220;Islamischen Staat&#8221;. Zehn Tage, zusammen mit seinem Sohn Frederic. Abgesichert nur durch eine schriftliche &#8220;\u00dcberlebs-Garantie&#8221; der obersten Kalifats-Beh\u00f6rde. Ein lebensgef\u00e4hrlicher Trip ins Reich der Finsternis, in dem viele Menschen einen relativ normalen Alltag leben. W\u00e4hrend gleichzeitig die Dschihadisten morden, vergewaltigen und hirngewaschenen Irrsinn reden. Ein Deutscher Konvertit gab den Pressesprecher und k\u00fcndigte den Terror auch in Europa an:<\/p>\n<p>Dschihadist: &#8220;Wir werden definitiv zur\u00fcckkehren. Und das wird nicht mit Freundlichkeiten sein oder sonst irgendwas, sondern das wird mit der Waffe sein, und mit unseren K\u00e4mpfern.&#8221;<\/p>\n<p>Ziel des islamischen Staates: ein weltweites Kalifat. Andersgl\u00e4ubige, vor allem Schiiten und westliche Muslime m\u00fcssen get\u00f6tet werden!<\/p>\n<p>J\u00fcrgen Todenh\u00f6fer: &#8220;Al-Qaida ist Kinderkram neben dem Islamischen Staat \u2013 der Islamische Staat ist gef\u00e4hrlich wegen seiner fanatischen, simplen Ideologie, die alles vereinfacht. Du darfst deine Gegner totschlagen, du darfst sie qu\u00e4len, du darfst sie foltern. Du darfst alles mit ihnen machen. Und die Kombination dieses Fanatismus mit einem milit\u00e4rischen Drill, den sie bekommen haben von Ex-Offizieren von Saddam Husseins, die in der neuen Gesellschaft ausgeschlossen worden sind, ihre Jobs verloren haben und ihre Familie nicht mehr ern\u00e4hren konnten. Das ist eine ganz gef\u00e4hrliche Mischung.&#8221;<\/p>\n<p>In M\u00fcnchen hat Todenh\u00f6fer eine Stiftung gegr\u00fcndet. Der Ex-CDU-Bundestagsabgeordnete und Medienmanager hat zwei Drittel seines Verm\u00f6gens f\u00fcr soziale Projekte gespendet. Zum Beispiel f\u00fcr Waisenh\u00e4user in Afghanistan. Vier Mitarbeiter managen die Hilfs-Projekte weltweit. Auch in den arabischen Krisenregionen. Gef\u00fchrt wird die Stiftung von seiner Tochter Valerie.<\/p>\n<p>F\u00fcr Todenh\u00f6fer ist der IS ein Produkt des Westens \u2013 ein Monster, entstanden durch den Irak-Krieg 2003. Auf seiner Facebook-Seite l\u00e4sst Todenh\u00f6fer keine Zweifel an den wahren Schuldigen f\u00fcr den Terrorismus.<\/p>\n<p>Der Irakkrieg war ein idealer N\u00e4hrboden f\u00fcr den IS: hundertausende tote Zivilisten, Leid, Elend, Rachegef\u00fchle. Gleichzeitig wurden die Armee und die sunnitischen Eliten des Landes entlassen \u2013 schlossen sich der neu gegr\u00fcndeten Organisation an.<\/p>\n<p>J\u00fcrgen Todenh\u00f6fer: &#8220;Der IS entstand als unmittelbare Reaktion auf den Einmarsch von George W. Busch im Irak. Urspr\u00fcnglich hatte der Jordanier Zarquawi vorgehabt, dass Jordanische K\u00f6nigshaus zu st\u00fcrzen, und dann marschiert Busch im Irak ein \u2013 und er sah das als goldene Gelegenheit an, eine brutale Terror-Organisation aufzubauen, die sich dann immer weiter entwickelt hat und heute IS hei\u00dft.&#8221;<\/p>\n<p>Todenh\u00f6fer ist \u00fcberzeugt: Der IS braucht den Krieg mit dem Westen \u2013 um neue Anh\u00e4nger zu gewinnen. Seine Thesen gefallen 500.000 Nutzern auf seiner Facebook Seite. Viele junge Deutsche Muslime f\u00fchlen sich von ihm verstanden. Zu seiner Geburtstagslesung vergangene Woche kamen 1.000 Zuh\u00f6rer. Menschen, die verstehen wollen: Was passiert da gerade in der arabischen Welt?<\/p>\n<p>Todenh\u00f6fer warnt vor einer Spaltung der Gesellschaft. Auch bei uns. Genau das sei eines der Ziele des IS Terrors.<\/p>\n<p>J\u00fcrgen Todenh\u00f6fer: &#8220;Sie wollen, dass es einen Konflikt in unseren Staaten gibt, zwischen den gem\u00e4\u00dfigten, demokratischen Muslimen und der Bev\u00f6lkerung. Und sie freuen sich, haben sie mir auch gesagt, \u00fcber Organisationen wie Pegida und sie w\u00e4ren sehr froh, wenn es zu gro\u00dfen Konflikten bei uns kommt.&#8221;<\/p>\n<p>Deshalb sollten wir uns davor h\u00fcten, Muslime und Fl\u00fcchtlinge f\u00fcr die Anschl\u00e4ge in Sippenhaft zu nehmen. Integration sei die beste Waffe gegen Islamismus.<\/p>\n<p>Und was hilft gegen den IS-Terror-Staat? Todenh\u00f6fer pl\u00e4diert daf\u00fcr, den IS von jeder Versorgung abzuschneiden: von der Versorgung mit Waffen, vom Nachschub mit neuen K\u00e4mpfern. Statt Krieg fordert Todenh\u00f6fer Diplomatie. Eine Auss\u00f6hnung der arabischen Welt. Vor allem der Schiiten und der Sunniten \u2013 das w\u00fcrde den Terror stoppen.<\/p>\n<p>J\u00fcrgen Todenh\u00f6fer: &#8220;Die entscheidende L\u00f6sung ist ein bisschen komplizierter. Die Entscheidung wird nicht in Syrien, die wird im Irak fallen. Weil dort der IS besonders stark ist. Und der IS kann im Irak nur \u00fcberleben, weil ihn das eine Drittel von jeder politischen Teilhabe ausgeschlossener Sunniten unterst\u00fctzt. Das sind 10 Millionen Menschen, die die einfach machen lassen. Und wenn man diese 10 Millionen Menschen durch eine echte, gro\u00dfe, politische Anstrengung wieder im Irak integrieren w\u00fcrde, so dass es eine nationale Auss\u00f6hnung g\u00e4be und wieder ein Land w\u00fcrde, dann sitzt der IS auf dem Trockenen. Das ist wie wenn Sie einem Fisch das Wasser entziehen.&#8221;<\/p>\n<p>Eine Diplomatische L\u00f6sung? Verhandeln? Ist das nicht gef\u00e4hrlich naiv angesichts des Terrors?<\/p>\n<p>Nein \u2013 denn eine Eskalation der Gewalt w\u00e4re ganz im Sinne des IS. Diesen Sieg darf er nicht davon tragen.<\/p>\n<p>Bericht: Philipp Engel<\/p>\n","protected":false},"excerpt":{"rendered":"<p>J\u00fcrgen Todenh\u00f6fer \u00fcber den Islamischen Staat und die Anschl\u00e4ge von Paris Dieser Anschlag macht uns Angst. Seine Heimt\u00fccke. Seine Brutalit\u00e4t. Mitten in den Alltag hinein. Mit einfachsten Mitteln. T\u00e4ter, denen nicht mal das eigene Leben etwas wert ist. Der absolute Horror. Wir ahnen: Es k\u00f6nnte uns alle \u00fcberall und jederzeit treffen. Was will der IS damit bewirken? J\u00fcrgen Todenh\u00f6fer: &#8220;Die wollen den Westen provozieren. Sie haben das ganz klare Ziel, durch diese Anschl\u00e4ge in Paris den Westen zu einer milit\u00e4rischen Intervention zu bekommen.&#8221;<\/p>\n","protected":false},"author":1,"featured_media":0,"comment_status":"open","ping_status":"open","sticky":false,"template":"","format":"standard","meta":{"footnotes":""},"categories":[42,40,51],"tags":[],"jetpack_featured_media_url":"","_links":{"self":[{"href":"http:\/\/www.kunstgalerie-barbara.de\/blog\/wp-json\/wp\/v2\/posts\/16794"}],"collection":[{"href":"http:\/\/www.kunstgalerie-barbara.de\/blog\/wp-json\/wp\/v2\/posts"}],"about":[{"href":"http:\/\/www.kunstgalerie-barbara.de\/blog\/wp-json\/wp\/v2\/types\/post"}],"author":[{"embeddable":true,"href":"http:\/\/www.kunstgalerie-barbara.de\/blog\/wp-json\/wp\/v2\/users\/1"}],"replies":[{"embeddable":true,"href":"http:\/\/www.kunstgalerie-barbara.de\/blog\/wp-json\/wp\/v2\/comments?post=16794"}],"version-history":[{"count":1,"href":"http:\/\/www.kunstgalerie-barbara.de\/blog\/wp-json\/wp\/v2\/posts\/16794\/revisions"}],"predecessor-version":[{"id":16796,"href":"http:\/\/www.kunstgalerie-barbara.de\/blog\/wp-json\/wp\/v2\/posts\/16794\/revisions\/16796"}],"wp:attachment":[{"href":"http:\/\/www.kunstgalerie-barbara.de\/blog\/wp-json\/wp\/v2\/media?parent=16794"}],"wp:term":[{"taxonomy":"category","embeddable":true,"href":"http:\/\/www.kunstgalerie-barbara.de\/blog\/wp-json\/wp\/v2\/categories?post=16794"},{"taxonomy":"post_tag","embeddable":true,"href":"http:\/\/www.kunstgalerie-barbara.de\/blog\/wp-json\/wp\/v2\/tags?post=16794"}],"curies":[{"name":"wp","href":"https:\/\/api.w.org\/{rel}","templated":true}]}}