{"id":16797,"date":"2016-02-21T06:40:29","date_gmt":"2016-02-21T04:40:29","guid":{"rendered":"http:\/\/www.kunstgalerie-barbara.de\/blog\/?p=16797"},"modified":"2016-02-21T08:05:03","modified_gmt":"2016-02-21T06:05:03","slug":"mittwochspizza","status":"publish","type":"post","link":"http:\/\/www.kunstgalerie-barbara.de\/blog\/2016\/02\/mittwochspizza\/","title":{"rendered":"Mittwochspizza auch am Sonntag&#8230;"},"content":{"rendered":"<p style=\"text-align: center;\"><a href=\"http:\/\/www.kunstgalerie-barbara.de\/blog\/wp-content\/uploads\/2015\/11\/Mittwochspizza-Kopie.jpg\"><img loading=\"lazy\" decoding=\"async\" class=\"aligncenter wp-image-16798 size-full\" src=\"http:\/\/www.kunstgalerie-barbara.de\/blog\/wp-content\/uploads\/2015\/11\/Mittwochspizza-Kopie.jpg\" alt=\"Mittwochspizza Kopie\" width=\"450\" height=\"600\" srcset=\"http:\/\/www.kunstgalerie-barbara.de\/blog\/wp-content\/uploads\/2015\/11\/Mittwochspizza-Kopie.jpg 450w, http:\/\/www.kunstgalerie-barbara.de\/blog\/wp-content\/uploads\/2015\/11\/Mittwochspizza-Kopie-225x300.jpg 225w\" sizes=\"(max-width: 450px) 100vw, 450px\" \/><\/a>geht so:<!--more-->Aus 250 Gramm Weizenmehl 1050 und<br \/>\n250 Gramm Vollkornweizenmehl, zwei T\u00fctchen Trockenhefe, einem Teel. Salz, einen guten Schu\u00df Raps\u00f6l, und einer Tasse warmem Wasser einen Pizzateig zubereiten! Mindestens eine Stunde gehen lassen und ihn dann ausrollen und auf ein Kuchenblech legen!<br \/>\nEine Pizzaso\u00dfe zubereiten aus einem Glas fertiger Pastaso\u00dfe (Alnatura, Reformhaus) verfeinert mit mindestens zwei Zehen kleingehacktem Knoblauch, gerebbeltem Oregano, ein ganz klein wenig Honig, gemahlenem Pfeffer und Raps oder Oliven\u00f6l.<br \/>\nPizzaso\u00dfe auf dem Teig verteilen und den Teig belegen mit vorged\u00fcnsteten Champinons, Auberginenst\u00fccken, Zuchinischeiben, obendrauf Paprikastreifen, eingelegte Peperoni, Oliven und zum Schlu\u00df Mozzarellascheiben!<br \/>\nAb in den Backofen f\u00fcr ne halbe Stunde bei 220\u00b0<\/p>\n<p>Bon Appetit<\/p>\n","protected":false},"excerpt":{"rendered":"<p>geht so:<\/p>\n","protected":false},"author":1,"featured_media":0,"comment_status":"open","ping_status":"open","sticky":false,"template":"","format":"standard","meta":{"footnotes":""},"categories":[27,51],"tags":[],"jetpack_featured_media_url":"","_links":{"self":[{"href":"http:\/\/www.kunstgalerie-barbara.de\/blog\/wp-json\/wp\/v2\/posts\/16797"}],"collection":[{"href":"http:\/\/www.kunstgalerie-barbara.de\/blog\/wp-json\/wp\/v2\/posts"}],"about":[{"href":"http:\/\/www.kunstgalerie-barbara.de\/blog\/wp-json\/wp\/v2\/types\/post"}],"author":[{"embeddable":true,"href":"http:\/\/www.kunstgalerie-barbara.de\/blog\/wp-json\/wp\/v2\/users\/1"}],"replies":[{"embeddable":true,"href":"http:\/\/www.kunstgalerie-barbara.de\/blog\/wp-json\/wp\/v2\/comments?post=16797"}],"version-history":[{"count":1,"href":"http:\/\/www.kunstgalerie-barbara.de\/blog\/wp-json\/wp\/v2\/posts\/16797\/revisions"}],"predecessor-version":[{"id":17114,"href":"http:\/\/www.kunstgalerie-barbara.de\/blog\/wp-json\/wp\/v2\/posts\/16797\/revisions\/17114"}],"wp:attachment":[{"href":"http:\/\/www.kunstgalerie-barbara.de\/blog\/wp-json\/wp\/v2\/media?parent=16797"}],"wp:term":[{"taxonomy":"category","embeddable":true,"href":"http:\/\/www.kunstgalerie-barbara.de\/blog\/wp-json\/wp\/v2\/categories?post=16797"},{"taxonomy":"post_tag","embeddable":true,"href":"http:\/\/www.kunstgalerie-barbara.de\/blog\/wp-json\/wp\/v2\/tags?post=16797"}],"curies":[{"name":"wp","href":"https:\/\/api.w.org\/{rel}","templated":true}]}}