{"id":16854,"date":"2015-12-06T09:25:37","date_gmt":"2015-12-06T07:25:37","guid":{"rendered":"http:\/\/www.kunstgalerie-barbara.de\/blog\/?p=16854"},"modified":"2015-12-06T09:30:25","modified_gmt":"2015-12-06T07:30:25","slug":"die-arbeiter-des-bremer-buergerparks-haben-zwar-das-ganze-jahr-ueber-viel-zu-tun","status":"publish","type":"post","link":"http:\/\/www.kunstgalerie-barbara.de\/blog\/2015\/12\/die-arbeiter-des-bremer-buergerparks-haben-zwar-das-ganze-jahr-ueber-viel-zu-tun\/","title":{"rendered":"Die Arbeiter des Bremer B\u00fcrgerparks haben zwar das ganze Jahr \u00fcber viel zu tun&#8230;"},"content":{"rendered":"<p><a href=\"http:\/\/www.kunstgalerie-barbara.de\/blog\/wp-content\/uploads\/2015\/12\/P1750114-Kopie.jpg\"><img loading=\"lazy\" decoding=\"async\" class=\"aligncenter wp-image-16855 size-full\" src=\"http:\/\/www.kunstgalerie-barbara.de\/blog\/wp-content\/uploads\/2015\/12\/P1750114-Kopie.jpg\" alt=\"P1750114 Kopie\" width=\"470\" height=\"310\" srcset=\"http:\/\/www.kunstgalerie-barbara.de\/blog\/wp-content\/uploads\/2015\/12\/P1750114-Kopie.jpg 470w, http:\/\/www.kunstgalerie-barbara.de\/blog\/wp-content\/uploads\/2015\/12\/P1750114-Kopie-300x198.jpg 300w\" sizes=\"(max-width: 470px) 100vw, 470px\" \/><\/a>&#8230; nur dieses Aufr\u00e4umen oder besser Fegen per Gebl\u00e4se kann f\u00fcr Kleinwesen, wie Asseln, W\u00fcrmer, Mikroorganismen, K\u00e4fer t\u00f6dlich sein! Harken ist zwar umst\u00e4ndlicher und personalintensiver, ist aber f\u00fcr\u00a0 ein intaktes Mikromillieu des Bodens auf das die B\u00e4ume in unseren Parks angewiesen sind, dringend n\u00f6tig!<\/p>\n","protected":false},"excerpt":{"rendered":"<p>&#8230; nur dieses Aufr\u00e4umen oder besser Fegen per Gebl\u00e4se kann f\u00fcr Kleinwesen, wie Asseln, W\u00fcrmer, Mikroorganismen, K\u00e4fer t\u00f6dlich sein! Harken ist zwar umst\u00e4ndlicher und personalintensiver, ist aber f\u00fcr\u00a0 ein intaktes Mikromillieu des Bodens auf das die B\u00e4ume in unseren Parks angewiesen sind, dringend n\u00f6tig!<\/p>\n","protected":false},"author":1,"featured_media":0,"comment_status":"open","ping_status":"open","sticky":false,"template":"","format":"standard","meta":{"footnotes":""},"categories":[70,67,71,51,64],"tags":[],"jetpack_featured_media_url":"","_links":{"self":[{"href":"http:\/\/www.kunstgalerie-barbara.de\/blog\/wp-json\/wp\/v2\/posts\/16854"}],"collection":[{"href":"http:\/\/www.kunstgalerie-barbara.de\/blog\/wp-json\/wp\/v2\/posts"}],"about":[{"href":"http:\/\/www.kunstgalerie-barbara.de\/blog\/wp-json\/wp\/v2\/types\/post"}],"author":[{"embeddable":true,"href":"http:\/\/www.kunstgalerie-barbara.de\/blog\/wp-json\/wp\/v2\/users\/1"}],"replies":[{"embeddable":true,"href":"http:\/\/www.kunstgalerie-barbara.de\/blog\/wp-json\/wp\/v2\/comments?post=16854"}],"version-history":[{"count":1,"href":"http:\/\/www.kunstgalerie-barbara.de\/blog\/wp-json\/wp\/v2\/posts\/16854\/revisions"}],"predecessor-version":[{"id":16858,"href":"http:\/\/www.kunstgalerie-barbara.de\/blog\/wp-json\/wp\/v2\/posts\/16854\/revisions\/16858"}],"wp:attachment":[{"href":"http:\/\/www.kunstgalerie-barbara.de\/blog\/wp-json\/wp\/v2\/media?parent=16854"}],"wp:term":[{"taxonomy":"category","embeddable":true,"href":"http:\/\/www.kunstgalerie-barbara.de\/blog\/wp-json\/wp\/v2\/categories?post=16854"},{"taxonomy":"post_tag","embeddable":true,"href":"http:\/\/www.kunstgalerie-barbara.de\/blog\/wp-json\/wp\/v2\/tags?post=16854"}],"curies":[{"name":"wp","href":"https:\/\/api.w.org\/{rel}","templated":true}]}}