{"id":16865,"date":"2015-12-07T06:03:09","date_gmt":"2015-12-07T04:03:09","guid":{"rendered":"http:\/\/www.kunstgalerie-barbara.de\/blog\/?p=16865"},"modified":"2015-12-07T06:03:09","modified_gmt":"2015-12-07T04:03:09","slug":"es-gibt-leider-ne-gigantische-ueberproduktion-an-weihnachtsgebaeck-und-schokoladenweihnachtsmaennern-die-nach-weihnachten-in-der-tonne-landen-auch-der-verkauf-ab-september-aendert-daran-nichts","status":"publish","type":"post","link":"http:\/\/www.kunstgalerie-barbara.de\/blog\/2015\/12\/es-gibt-leider-ne-gigantische-ueberproduktion-an-weihnachtsgebaeck-und-schokoladenweihnachtsmaennern-die-nach-weihnachten-in-der-tonne-landen-auch-der-verkauf-ab-september-aendert-daran-nichts\/","title":{"rendered":"Es gibt leider ne gigantische \u00dcberproduktion an Weihnachtsgeb\u00e4ck und Schokoladenweihnachtsm\u00e4nnern, die nach Weihnachten in der Tonne landen, auch der Verkauf ab September \u00e4ndert daran nichts!"},"content":{"rendered":"<p><a href=\"http:\/\/www.kunstgalerie-barbara.de\/blog\/wp-content\/uploads\/2015\/12\/P1750173-Kopie.jpg\"><img loading=\"lazy\" decoding=\"async\" class=\"aligncenter wp-image-16866 size-full\" src=\"http:\/\/www.kunstgalerie-barbara.de\/blog\/wp-content\/uploads\/2015\/12\/P1750173-Kopie.jpg\" alt=\"P1750173 Kopie\" width=\"470\" height=\"315\" srcset=\"http:\/\/www.kunstgalerie-barbara.de\/blog\/wp-content\/uploads\/2015\/12\/P1750173-Kopie.jpg 470w, http:\/\/www.kunstgalerie-barbara.de\/blog\/wp-content\/uploads\/2015\/12\/P1750173-Kopie-300x201.jpg 300w\" sizes=\"(max-width: 470px) 100vw, 470px\" \/><\/a><\/p>\n","protected":false},"excerpt":{"rendered":"","protected":false},"author":1,"featured_media":0,"comment_status":"open","ping_status":"open","sticky":false,"template":"","format":"standard","meta":{"footnotes":""},"categories":[74,42,51],"tags":[],"jetpack_featured_media_url":"","_links":{"self":[{"href":"http:\/\/www.kunstgalerie-barbara.de\/blog\/wp-json\/wp\/v2\/posts\/16865"}],"collection":[{"href":"http:\/\/www.kunstgalerie-barbara.de\/blog\/wp-json\/wp\/v2\/posts"}],"about":[{"href":"http:\/\/www.kunstgalerie-barbara.de\/blog\/wp-json\/wp\/v2\/types\/post"}],"author":[{"embeddable":true,"href":"http:\/\/www.kunstgalerie-barbara.de\/blog\/wp-json\/wp\/v2\/users\/1"}],"replies":[{"embeddable":true,"href":"http:\/\/www.kunstgalerie-barbara.de\/blog\/wp-json\/wp\/v2\/comments?post=16865"}],"version-history":[{"count":1,"href":"http:\/\/www.kunstgalerie-barbara.de\/blog\/wp-json\/wp\/v2\/posts\/16865\/revisions"}],"predecessor-version":[{"id":16867,"href":"http:\/\/www.kunstgalerie-barbara.de\/blog\/wp-json\/wp\/v2\/posts\/16865\/revisions\/16867"}],"wp:attachment":[{"href":"http:\/\/www.kunstgalerie-barbara.de\/blog\/wp-json\/wp\/v2\/media?parent=16865"}],"wp:term":[{"taxonomy":"category","embeddable":true,"href":"http:\/\/www.kunstgalerie-barbara.de\/blog\/wp-json\/wp\/v2\/categories?post=16865"},{"taxonomy":"post_tag","embeddable":true,"href":"http:\/\/www.kunstgalerie-barbara.de\/blog\/wp-json\/wp\/v2\/tags?post=16865"}],"curies":[{"name":"wp","href":"https:\/\/api.w.org\/{rel}","templated":true}]}}