{"id":16949,"date":"2015-12-27T06:18:08","date_gmt":"2015-12-27T04:18:08","guid":{"rendered":"http:\/\/www.kunstgalerie-barbara.de\/blog\/?p=16949"},"modified":"2015-12-27T06:21:04","modified_gmt":"2015-12-27T04:21:04","slug":"schiffsweihnachten","status":"publish","type":"post","link":"http:\/\/www.kunstgalerie-barbara.de\/blog\/2015\/12\/schiffsweihnachten\/","title":{"rendered":"Schiffsweihnachten&#8230;"},"content":{"rendered":"<p><a href=\"http:\/\/www.kunstgalerie-barbara.de\/blog\/wp-content\/uploads\/2015\/12\/P1750640-Kopie.jpg\"><img loading=\"lazy\" decoding=\"async\" class=\"aligncenter wp-image-16950 size-full\" src=\"http:\/\/www.kunstgalerie-barbara.de\/blog\/wp-content\/uploads\/2015\/12\/P1750640-Kopie.jpg\" alt=\"P1750640 Kopie\" width=\"470\" height=\"315\" srcset=\"http:\/\/www.kunstgalerie-barbara.de\/blog\/wp-content\/uploads\/2015\/12\/P1750640-Kopie.jpg 470w, http:\/\/www.kunstgalerie-barbara.de\/blog\/wp-content\/uploads\/2015\/12\/P1750640-Kopie-300x201.jpg 300w\" sizes=\"(max-width: 470px) 100vw, 470px\" \/><\/a>&#8230;am Labradorkai in Bremerhaven,\u00a0 dort wie in allen H\u00e4fen oder auf den Meeren weltweit, tun die Schiffsbesatzungen das, was sie immer tun, sie tun Dienst und selbstverst\u00e4ndlich auch \u00fcber die Feiertage<\/p>\n<p>!<\/p>\n","protected":false},"excerpt":{"rendered":"<p>&#8230;am Labradorkai in Bremerhaven,\u00a0 dort wie in allen H\u00e4fen oder auf den Meeren weltweit, tun die Schiffsbesatzungen das, was sie immer tun, sie tun Dienst und selbstverst\u00e4ndlich auch \u00fcber die Feiertage !<\/p>\n","protected":false},"author":1,"featured_media":0,"comment_status":"open","ping_status":"open","sticky":false,"template":"","format":"standard","meta":{"footnotes":""},"categories":[70,51],"tags":[],"jetpack_featured_media_url":"","_links":{"self":[{"href":"http:\/\/www.kunstgalerie-barbara.de\/blog\/wp-json\/wp\/v2\/posts\/16949"}],"collection":[{"href":"http:\/\/www.kunstgalerie-barbara.de\/blog\/wp-json\/wp\/v2\/posts"}],"about":[{"href":"http:\/\/www.kunstgalerie-barbara.de\/blog\/wp-json\/wp\/v2\/types\/post"}],"author":[{"embeddable":true,"href":"http:\/\/www.kunstgalerie-barbara.de\/blog\/wp-json\/wp\/v2\/users\/1"}],"replies":[{"embeddable":true,"href":"http:\/\/www.kunstgalerie-barbara.de\/blog\/wp-json\/wp\/v2\/comments?post=16949"}],"version-history":[{"count":1,"href":"http:\/\/www.kunstgalerie-barbara.de\/blog\/wp-json\/wp\/v2\/posts\/16949\/revisions"}],"predecessor-version":[{"id":16952,"href":"http:\/\/www.kunstgalerie-barbara.de\/blog\/wp-json\/wp\/v2\/posts\/16949\/revisions\/16952"}],"wp:attachment":[{"href":"http:\/\/www.kunstgalerie-barbara.de\/blog\/wp-json\/wp\/v2\/media?parent=16949"}],"wp:term":[{"taxonomy":"category","embeddable":true,"href":"http:\/\/www.kunstgalerie-barbara.de\/blog\/wp-json\/wp\/v2\/categories?post=16949"},{"taxonomy":"post_tag","embeddable":true,"href":"http:\/\/www.kunstgalerie-barbara.de\/blog\/wp-json\/wp\/v2\/tags?post=16949"}],"curies":[{"name":"wp","href":"https:\/\/api.w.org\/{rel}","templated":true}]}}