{"id":17055,"date":"2016-02-03T14:07:23","date_gmt":"2016-02-03T12:07:23","guid":{"rendered":"http:\/\/www.kunstgalerie-barbara.de\/blog\/?p=17055"},"modified":"2016-02-04T05:16:53","modified_gmt":"2016-02-04T03:16:53","slug":"fahrradklau-der-anderen-art","status":"publish","type":"post","link":"http:\/\/www.kunstgalerie-barbara.de\/blog\/2016\/02\/fahrradklau-der-anderen-art\/","title":{"rendered":"Fahrradklau der anderen Art&#8230;"},"content":{"rendered":"<p style=\"text-align: left;\"><a href=\"http:\/\/www.kunstgalerie-barbara.de\/blog\/wp-content\/uploads\/2016\/02\/DSC_0055-Kopie.jpg\"><img loading=\"lazy\" decoding=\"async\" class=\"aligncenter wp-image-17061 size-full\" src=\"http:\/\/www.kunstgalerie-barbara.de\/blog\/wp-content\/uploads\/2016\/02\/DSC_0055-Kopie.jpg\" alt=\"DSC_0055 Kopie\" width=\"402\" height=\"600\" srcset=\"http:\/\/www.kunstgalerie-barbara.de\/blog\/wp-content\/uploads\/2016\/02\/DSC_0055-Kopie.jpg 402w, http:\/\/www.kunstgalerie-barbara.de\/blog\/wp-content\/uploads\/2016\/02\/DSC_0055-Kopie-201x300.jpg 201w\" sizes=\"(max-width: 402px) 100vw, 402px\" \/><\/a><\/p>\n<p>H\u00f6chstens eine halbe Stunde waren meine Tochter und ich an einem Donnerstagvormitttag auf einem Bremer Wochenmarkt unterwegs um einzukaufen! Als wir zu unserem in der N\u00e4he parkenden Auto zur\u00fcckkehrten, mussten wir zu unserem Entsetzen feststellen, dass unsere beiden Fahrr\u00e4der nicht mehr auf dem Fahrradtr\u00e4ger standen , man k\u00f6nnte sagen, dass man sie uns&#8221; unterm Hintern weggeklaut&#8221; hatte! <!--more--><br \/>\nNun sind wir schon \u00f6fter Opfer von Fahrraddieben geworden aber nicht auf so dreiste Art und Weise!\u00a0 Wenn Fahrr\u00e4der verschwanden dann von unserem Grundst\u00fcck herunter und vermutlich in der Nacht oder den fr\u00fchen Morgenstunden!<br \/>\nDiese neue Art von Dieben, scheuen sich nicht davor, ihr Werk auf einem vollbesetzten Parkplatz durchzuf\u00fchren und es st\u00f6rt sie auch nicht die Bohne von uns oder einem anderen Marktbesucher bei ihrem Tun \u00fcberrascht und geschnappt zu werden. Auch das Alter und der Zustand der R\u00e4der scheint keine gro\u00dfe Rolle mehr\u00a0 zu spielen, denn unsere R\u00e4der waren Oldis.<br \/>\nEtwas mu\u00df sich ge\u00e4ndert haben, wenn hohes Risiko und Quallit\u00e4t des Diebesguts keine Rolle mehr spielen! Ist es Mut, ist es Dreistigkeit oder Respektlosigkeit?<br \/>\nIn was f\u00fcr einer Zeit leben wir, wenn es egal zu sein scheint, wenn Einbrecher in H\u00e4user am Vormittag einbrechen und es ihnen schnurzegal zu sein scheint, ob sich Menschen im Haus befinden, was uns vor etwa einem Jahr passierte?<br \/>\nKann es sein, dass es diesen Kriminellen egal ist, bei ihrem Tun \u00fcberrascht und geschnappt zu werden, weil unsere Polizei und Justiz nicht in der Lage ist, ad\u00e4quat mit derlei umzugehen.<br \/>\nWenn Einbr\u00fcche und Fahraddiebst\u00e4hle zu Versicherungsf\u00e4llen degradiert werden und die Polizei sich nicht darum k\u00fcmmert, den Dieb oder das Diebesgut zu finden, kann bei dem Kriminellen kein Respekt aufkommen!<\/p>\n","protected":false},"excerpt":{"rendered":"<p>H\u00f6chstens eine halbe Stunde waren meine Tochter und ich an einem Donnerstagvormitttag auf einem Bremer Wochenmarkt unterwegs um einzukaufen! Als wir zu unserem in der N\u00e4he parkenden Auto zur\u00fcckkehrten, mussten wir zu unserem Entsetzen feststellen, dass unsere beiden Fahrr\u00e4der nicht mehr auf dem Fahrradtr\u00e4ger standen , man k\u00f6nnte sagen, dass man sie uns&#8221; unterm Hintern weggeklaut&#8221; hatte!<\/p>\n","protected":false},"author":1,"featured_media":0,"comment_status":"open","ping_status":"open","sticky":false,"template":"","format":"standard","meta":{"footnotes":""},"categories":[42,19,51],"tags":[],"jetpack_featured_media_url":"","_links":{"self":[{"href":"http:\/\/www.kunstgalerie-barbara.de\/blog\/wp-json\/wp\/v2\/posts\/17055"}],"collection":[{"href":"http:\/\/www.kunstgalerie-barbara.de\/blog\/wp-json\/wp\/v2\/posts"}],"about":[{"href":"http:\/\/www.kunstgalerie-barbara.de\/blog\/wp-json\/wp\/v2\/types\/post"}],"author":[{"embeddable":true,"href":"http:\/\/www.kunstgalerie-barbara.de\/blog\/wp-json\/wp\/v2\/users\/1"}],"replies":[{"embeddable":true,"href":"http:\/\/www.kunstgalerie-barbara.de\/blog\/wp-json\/wp\/v2\/comments?post=17055"}],"version-history":[{"count":1,"href":"http:\/\/www.kunstgalerie-barbara.de\/blog\/wp-json\/wp\/v2\/posts\/17055\/revisions"}],"predecessor-version":[{"id":17065,"href":"http:\/\/www.kunstgalerie-barbara.de\/blog\/wp-json\/wp\/v2\/posts\/17055\/revisions\/17065"}],"wp:attachment":[{"href":"http:\/\/www.kunstgalerie-barbara.de\/blog\/wp-json\/wp\/v2\/media?parent=17055"}],"wp:term":[{"taxonomy":"category","embeddable":true,"href":"http:\/\/www.kunstgalerie-barbara.de\/blog\/wp-json\/wp\/v2\/categories?post=17055"},{"taxonomy":"post_tag","embeddable":true,"href":"http:\/\/www.kunstgalerie-barbara.de\/blog\/wp-json\/wp\/v2\/tags?post=17055"}],"curies":[{"name":"wp","href":"https:\/\/api.w.org\/{rel}","templated":true}]}}