{"id":17085,"date":"2016-02-13T08:37:35","date_gmt":"2016-02-13T06:37:35","guid":{"rendered":"http:\/\/www.kunstgalerie-barbara.de\/blog\/?p=17085"},"modified":"2016-02-13T08:37:35","modified_gmt":"2016-02-13T06:37:35","slug":"es-ist-wunderbar-dass-er-wieder-da-ist-und-sich-vermehrt-jedoch-koennte-es-weitaus-mehr-woelfe-geben-wenn-es-nicht-jede-menge-bekloppte-unter-uns-menschen-geben-wuerde-die-woelfe-als-persoenliche","status":"publish","type":"post","link":"http:\/\/www.kunstgalerie-barbara.de\/blog\/2016\/02\/es-ist-wunderbar-dass-er-wieder-da-ist-und-sich-vermehrt-jedoch-koennte-es-weitaus-mehr-woelfe-geben-wenn-es-nicht-jede-menge-bekloppte-unter-uns-menschen-geben-wuerde-die-woelfe-als-persoenliche\/","title":{"rendered":"Es ist wunderbar, dass er wieder da ist und sich vermehrt, jedoch k\u00f6nnte es weitaus mehr W\u00f6lfe geben, wenn es nicht jede Menge Bekloppte unter uns Menschen geben w\u00fcrde, die W\u00f6lfe als pers\u00f6nliche Konkurenz und Bedrohung betrachten w\u00fcrden&#8230;"},"content":{"rendered":"<p><img decoding=\"async\" class=\"spotlight\" src=\"https:\/\/scontent-bru2-1.xx.fbcdn.net\/hphotos-xtf1\/v\/t1.0-9\/12669458_981525115272558_4496488030263694604_n.png?oh=73b4e9340800608e0ea234e4cdbc65c9&amp;oe=576FBF83\" alt=\"\" \/><\/p>\n","protected":false},"excerpt":{"rendered":"","protected":false},"author":1,"featured_media":0,"comment_status":"open","ping_status":"open","sticky":false,"template":"","format":"standard","meta":{"footnotes":""},"categories":[3],"tags":[],"jetpack_featured_media_url":"","_links":{"self":[{"href":"http:\/\/www.kunstgalerie-barbara.de\/blog\/wp-json\/wp\/v2\/posts\/17085"}],"collection":[{"href":"http:\/\/www.kunstgalerie-barbara.de\/blog\/wp-json\/wp\/v2\/posts"}],"about":[{"href":"http:\/\/www.kunstgalerie-barbara.de\/blog\/wp-json\/wp\/v2\/types\/post"}],"author":[{"embeddable":true,"href":"http:\/\/www.kunstgalerie-barbara.de\/blog\/wp-json\/wp\/v2\/users\/1"}],"replies":[{"embeddable":true,"href":"http:\/\/www.kunstgalerie-barbara.de\/blog\/wp-json\/wp\/v2\/comments?post=17085"}],"version-history":[{"count":1,"href":"http:\/\/www.kunstgalerie-barbara.de\/blog\/wp-json\/wp\/v2\/posts\/17085\/revisions"}],"predecessor-version":[{"id":17087,"href":"http:\/\/www.kunstgalerie-barbara.de\/blog\/wp-json\/wp\/v2\/posts\/17085\/revisions\/17087"}],"wp:attachment":[{"href":"http:\/\/www.kunstgalerie-barbara.de\/blog\/wp-json\/wp\/v2\/media?parent=17085"}],"wp:term":[{"taxonomy":"category","embeddable":true,"href":"http:\/\/www.kunstgalerie-barbara.de\/blog\/wp-json\/wp\/v2\/categories?post=17085"},{"taxonomy":"post_tag","embeddable":true,"href":"http:\/\/www.kunstgalerie-barbara.de\/blog\/wp-json\/wp\/v2\/tags?post=17085"}],"curies":[{"name":"wp","href":"https:\/\/api.w.org\/{rel}","templated":true}]}}