{"id":17097,"date":"2016-02-16T05:54:20","date_gmt":"2016-02-16T03:54:20","guid":{"rendered":"http:\/\/www.kunstgalerie-barbara.de\/blog\/?p=17097"},"modified":"2016-02-16T05:54:20","modified_gmt":"2016-02-16T03:54:20","slug":"glyphosat-verbieten-mensch-und-umwelt-schuetzen","status":"publish","type":"post","link":"http:\/\/www.kunstgalerie-barbara.de\/blog\/2016\/02\/glyphosat-verbieten-mensch-und-umwelt-schuetzen\/","title":{"rendered":"Glyphosat verbieten, Mensch und Umwelt sch\u00fctzen!"},"content":{"rendered":"<p>&nbsp;<\/p>\n<p>&nbsp;<\/p>\n<p>Am 7. M\u00e4rz \u2013 deutlich fr\u00fcher als geplant \u2013 sollen die EU-Staaten \u00fcber die Wiederzulassung des Pestizids Glyphosat f\u00fcr mindestens weitere zehn Jahre abstimmen. Wir haben Informationen \u00fcber die bisher noch geheime Entscheidungsvorlage der EU-Kommission zugespielt bekommen \u2013 und sind entsetzt: Glyphosat soll einen Freispruch erster Klasse erhalten; keine der Gefahren, die Glyphosat bisher attestiert wurden, tauchen in der Genehmigungsvorlage auf.<!--more--><\/p>\n<p>Die europ\u00e4ische Beh\u00f6rde EFSA hatte bereits vor Monaten die Bewertung der Weltgesundheitsorganisation von Glyphosat als &#8220;wahrscheinlich krebserregend beim Menschen&#8221; ignoriert. Und auch die alarmierende Einsch\u00e4tzung des Umweltbundesamtes, das Pestizid trage entscheidend zum Verlust der biologischen Vielfalt und zum Artensterben bei, wird in der Beschlussvorlage der EU bewusst ignoriert, obwohl selbst die EFSA diese Auffassung teilte. Die Gefahren von Glyphosat werden verschwiegen, kritische wissenschaftliche Befunde fallen unter den Tisch.<\/p>\n<p>Die Bundesregierung muss jetzt mindestens darauf bestehen, dass die Umweltgefahren im Wiederzulassungsbescheid stehen und Mitgliedstaaten auf dieser Grundlage Reduktionsziele und Anwendungsbeschr\u00e4nkungen erlassen.<\/p>\n<p>Helfen Sie uns, Mensch und Umwelt vor diesem gef\u00e4hrlichen Pestizid zu sch\u00fctzen! Schreiben Sie jetzt hier an die Bundesregierung!<\/p>\n<p>Aufruf einblenden<\/p>\n<p>Ihre pers\u00f6nliche Nachricht an Herrn Schmidt<\/p>\n<p>maximal 1000 Zeichen<\/p>\n<p>Anrede *<\/p>\n<p>Titel<br \/>\nVorname *<br \/>\nNachname *<br \/>\nStra\u00dfe und Hausnummer<br \/>\nPostleitzahl *<br \/>\nOrt *<br \/>\nE-Mail *<br \/>\nNewsletter<\/p>\n<p>Bitte halten Sie mich \u00fcber diese und weitere BUND-Aktionen auf dem Laufenden.<br \/>\nDatenschutzerkl\u00e4rung *<\/p>\n<p>Ich habe die Hinweise zu Datenschutz und -verarbeitung gelesen und stimme zu. Dem Empf\u00e4nger dieser Protestmail wird mein Name und meine Ortsangabe mitgeteilt (z.B. Monika Musterfrau, Musterhausen).<\/p>\n<p>&nbsp;<\/p>\n","protected":false},"excerpt":{"rendered":"<p>&nbsp; &nbsp; Am 7. M\u00e4rz \u2013 deutlich fr\u00fcher als geplant \u2013 sollen die EU-Staaten \u00fcber die Wiederzulassung des Pestizids Glyphosat f\u00fcr mindestens weitere zehn Jahre abstimmen. Wir haben Informationen \u00fcber die bisher noch geheime Entscheidungsvorlage der EU-Kommission zugespielt bekommen \u2013 und sind entsetzt: Glyphosat soll einen Freispruch erster Klasse erhalten; keine der Gefahren, die Glyphosat bisher attestiert wurden, tauchen in der Genehmigungsvorlage auf.<\/p>\n","protected":false},"author":1,"featured_media":0,"comment_status":"open","ping_status":"open","sticky":false,"template":"","format":"standard","meta":{"footnotes":""},"categories":[74,42,76,40,51,64],"tags":[],"jetpack_featured_media_url":"","_links":{"self":[{"href":"http:\/\/www.kunstgalerie-barbara.de\/blog\/wp-json\/wp\/v2\/posts\/17097"}],"collection":[{"href":"http:\/\/www.kunstgalerie-barbara.de\/blog\/wp-json\/wp\/v2\/posts"}],"about":[{"href":"http:\/\/www.kunstgalerie-barbara.de\/blog\/wp-json\/wp\/v2\/types\/post"}],"author":[{"embeddable":true,"href":"http:\/\/www.kunstgalerie-barbara.de\/blog\/wp-json\/wp\/v2\/users\/1"}],"replies":[{"embeddable":true,"href":"http:\/\/www.kunstgalerie-barbara.de\/blog\/wp-json\/wp\/v2\/comments?post=17097"}],"version-history":[{"count":1,"href":"http:\/\/www.kunstgalerie-barbara.de\/blog\/wp-json\/wp\/v2\/posts\/17097\/revisions"}],"predecessor-version":[{"id":17099,"href":"http:\/\/www.kunstgalerie-barbara.de\/blog\/wp-json\/wp\/v2\/posts\/17097\/revisions\/17099"}],"wp:attachment":[{"href":"http:\/\/www.kunstgalerie-barbara.de\/blog\/wp-json\/wp\/v2\/media?parent=17097"}],"wp:term":[{"taxonomy":"category","embeddable":true,"href":"http:\/\/www.kunstgalerie-barbara.de\/blog\/wp-json\/wp\/v2\/categories?post=17097"},{"taxonomy":"post_tag","embeddable":true,"href":"http:\/\/www.kunstgalerie-barbara.de\/blog\/wp-json\/wp\/v2\/tags?post=17097"}],"curies":[{"name":"wp","href":"https:\/\/api.w.org\/{rel}","templated":true}]}}