{"id":17138,"date":"2016-02-27T05:52:51","date_gmt":"2016-02-27T03:52:51","guid":{"rendered":"http:\/\/www.kunstgalerie-barbara.de\/blog\/?p=17138"},"modified":"2016-02-27T05:53:57","modified_gmt":"2016-02-27T03:53:57","slug":"so-viele-baeume-wie-momentan-sind-noch-nie-im-bremer-buergerpark-geschlagen-worden-der-hundertundfuenfzig-jahre-alte-baumbestand-lichtet-sich-merklich-was-ungeheuer-schade-ist-denn-was-sind-schon-h","status":"publish","type":"post","link":"http:\/\/www.kunstgalerie-barbara.de\/blog\/2016\/02\/so-viele-baeume-wie-momentan-sind-noch-nie-im-bremer-buergerpark-geschlagen-worden-der-hundertundfuenfzig-jahre-alte-baumbestand-lichtet-sich-merklich-was-ungeheuer-schade-ist-denn-was-sind-schon-h\/","title":{"rendered":"So viele B\u00e4ume wie momentan sind noch nie im Bremer B\u00fcrgerpark gef\u00e4llt worden. Der hundertundf\u00fcnfzig Jahre alte Baumbestand lichtet sich merklich, was ungeheuer schade ist, denn was sind schon hundertundf\u00fcnfzig Jahre f\u00fcr einen Baum&#8230;"},"content":{"rendered":"<p><a href=\"http:\/\/www.kunstgalerie-barbara.de\/blog\/wp-content\/uploads\/2016\/02\/P1050115-Kopie.jpg\"><img loading=\"lazy\" decoding=\"async\" class=\"aligncenter wp-image-17139 size-full\" src=\"http:\/\/www.kunstgalerie-barbara.de\/blog\/wp-content\/uploads\/2016\/02\/P1050115-Kopie.jpg\" alt=\"P1050115 Kopie\" width=\"452\" height=\"600\" srcset=\"http:\/\/www.kunstgalerie-barbara.de\/blog\/wp-content\/uploads\/2016\/02\/P1050115-Kopie.jpg 452w, http:\/\/www.kunstgalerie-barbara.de\/blog\/wp-content\/uploads\/2016\/02\/P1050115-Kopie-226x300.jpg 226w\" sizes=\"(max-width: 452px) 100vw, 452px\" \/><\/a><\/p>\n","protected":false},"excerpt":{"rendered":"","protected":false},"author":1,"featured_media":0,"comment_status":"open","ping_status":"open","sticky":false,"template":"","format":"standard","meta":{"footnotes":""},"categories":[70,67,51,64],"tags":[],"jetpack_featured_media_url":"","_links":{"self":[{"href":"http:\/\/www.kunstgalerie-barbara.de\/blog\/wp-json\/wp\/v2\/posts\/17138"}],"collection":[{"href":"http:\/\/www.kunstgalerie-barbara.de\/blog\/wp-json\/wp\/v2\/posts"}],"about":[{"href":"http:\/\/www.kunstgalerie-barbara.de\/blog\/wp-json\/wp\/v2\/types\/post"}],"author":[{"embeddable":true,"href":"http:\/\/www.kunstgalerie-barbara.de\/blog\/wp-json\/wp\/v2\/users\/1"}],"replies":[{"embeddable":true,"href":"http:\/\/www.kunstgalerie-barbara.de\/blog\/wp-json\/wp\/v2\/comments?post=17138"}],"version-history":[{"count":1,"href":"http:\/\/www.kunstgalerie-barbara.de\/blog\/wp-json\/wp\/v2\/posts\/17138\/revisions"}],"predecessor-version":[{"id":17141,"href":"http:\/\/www.kunstgalerie-barbara.de\/blog\/wp-json\/wp\/v2\/posts\/17138\/revisions\/17141"}],"wp:attachment":[{"href":"http:\/\/www.kunstgalerie-barbara.de\/blog\/wp-json\/wp\/v2\/media?parent=17138"}],"wp:term":[{"taxonomy":"category","embeddable":true,"href":"http:\/\/www.kunstgalerie-barbara.de\/blog\/wp-json\/wp\/v2\/categories?post=17138"},{"taxonomy":"post_tag","embeddable":true,"href":"http:\/\/www.kunstgalerie-barbara.de\/blog\/wp-json\/wp\/v2\/tags?post=17138"}],"curies":[{"name":"wp","href":"https:\/\/api.w.org\/{rel}","templated":true}]}}