{"id":17250,"date":"2016-03-18T12:57:52","date_gmt":"2016-03-18T10:57:52","guid":{"rendered":"http:\/\/www.kunstgalerie-barbara.de\/blog\/?p=17250"},"modified":"2016-03-18T12:57:52","modified_gmt":"2016-03-18T10:57:52","slug":"volksentscheid-bundesweit-aufruf-fuer-uns-muendige-buerger-ist-es-eine-zumutung-ueber-ttip-und-ceta-nicht-persoenlich-abstimmen-zu-koennen","status":"publish","type":"post","link":"http:\/\/www.kunstgalerie-barbara.de\/blog\/2016\/03\/volksentscheid-bundesweit-aufruf-fuer-uns-muendige-buerger-ist-es-eine-zumutung-ueber-ttip-und-ceta-nicht-persoenlich-abstimmen-zu-koennen\/","title":{"rendered":"Volksentscheid &#8211; bundesweit &#8211; Aufruf !!!!! F\u00fcr uns m\u00fcndige B\u00fcrger ist es eine Zumutung \u00fcber TTIP und CETA nicht pers\u00f6nlich abstimmen zu k\u00f6nnen&#8230;"},"content":{"rendered":"<p><a href=\"https:\/\/www.volksentscheid.de\/aufruf-volksentscheid.html\">https:\/\/www.volksentscheid.de\/aufruf-volksentscheid.html<\/a><\/p>\n<p>TTIP und CETA gef\u00e4hrden die Demokratie. Doch die EU h\u00e4lt weiter an den Abkommen fest. Millionen von Unterschriften im Zuge der selbstorganisierten Europ\u00e4ischen B\u00fcrgerinitiative \u201eStop TTIP\u201c, Hunderttausende auf der Demo in Berlin letzten Oktober und die Kritik an TTIP und CETA hat l\u00e4ngst auch die Wirtschaft erreicht. Gerade hat der deutsche Mittelstand \u00c4nderungen beim geplanten TTIP-Freihandelsabkommen gefordert, weil negative Auswirkungen f\u00fcr die deutsche Wirtschaft erwartet werden. Obwohl die Kritik an den Abkommen immer lauter wird, sollen wir uns raushalten? So nicht.<!--more--><\/p>\n<p>Nachdem Bundeskanzlerin Angela Merkel sich geweigert hat, die 1,6 Millionen deutschen Unterschriften f\u00fcr \u201eStop TTIP\u201c entgegenzunehmen, haben wir durch einen Aufruf an die CDU klargemacht: Es ist Zeit, dass wir B\u00fcrgerinnen und B\u00fcrger \u00fcber wichtige Zukunftsfragen wie TTIP und CETA per Volksentscheid direkt mitbestimmen k\u00f6nnen. 35.000 Unterschriften f\u00fcr die Einf\u00fchrung bundesweiter Volksabstimmungen haben wir gerade an die CDU \u00fcbergeben.<\/p>\n<p>An diesen Erfolg wollen wir ankn\u00fcpfen, unsere Forderung nach mehr direkter Demokratie gemeinsam mit Ihnen in die Gesellschaft und an die anderen Parteien herantragen. Deshalb starten wir mit diesem Aufruf die Kampagne unter dem Motto \u201eTTIP? CETA? &#8211; Volksentscheid!\u201c<\/p>\n<p>Jetzt hier unterschreiben &amp; einen Volksentscheid \u00fcber TTIP &amp; CETA fordern\u2026<\/p>\n<p>Auf den gemeinsam mit vielen Organisationen erreichten Erfolgen des letzten Jahres k\u00f6nnen wir uns nicht ausruhen. Die Bef\u00fcrworter\/innen wollen die konzernfreundliche Paralleljustiz neu verpacken und uns mit TTIP-Leser\u00e4umen f\u00fcr Abgeordnete beruhigen, die nichts weiter als eine Farce sind! Falls alle anderen Bem\u00fchungen keine Fr\u00fcchte tragen, w\u00e4re ein bundesweiter Volksentscheid das letzte Mittel, um den Demokratieabbau durch die Handelsabkommen zu stoppen.<\/p>\n<p>Stimmen Bundestag und Bundesrat den Abkommen zu, m\u00fcssen die B\u00fcrger\/innen diese Entscheidung per Volksentscheid korrigieren k\u00f6nnen.<\/p>\n<p>Bitte Bilder anzeigen<\/p>\n<p>Dass die Bev\u00f6lkerung den demokratiegef\u00e4hrdenden Abkommen immer kritischer gegen\u00fcbersteht, zeigt eine aktuelle Emnid-Umfrage: Nur noch 25 Prozent der Befragten in Deutschland finden TTIP gut, 41 Prozent halten das Abkommen f\u00fcr eine schlechte Sache f\u00fcr Deutschland. Der Deutsche Richterbund hat sich inzwischen gegen den Vorschlag der EU-Kommission zur Errichtung eines TTIP-Investitionsgerichts ausgesprochen.<\/p>\n<p>Unbeirrt davon setzt sich die Regierung weiter f\u00fcr die Handelsabkommen ein und ignoriert unsere Bedenken. Wir fordern die Einf\u00fchrung der direkten Demokratie auf Bundesebene. Dann k\u00f6nnte eine Volksabstimmung kl\u00e4ren, ob die B\u00fcrger\/innen TTIP und CETA wollen oder nicht.<\/p>\n<p>Bitte Bilder anzeigen<\/p>\n","protected":false},"excerpt":{"rendered":"<p>https:\/\/www.volksentscheid.de\/aufruf-volksentscheid.html TTIP und CETA gef\u00e4hrden die Demokratie. Doch die EU h\u00e4lt weiter an den Abkommen fest. Millionen von Unterschriften im Zuge der selbstorganisierten Europ\u00e4ischen B\u00fcrgerinitiative \u201eStop TTIP\u201c, Hunderttausende auf der Demo in Berlin letzten Oktober und die Kritik an TTIP und CETA hat l\u00e4ngst auch die Wirtschaft erreicht. Gerade hat der deutsche Mittelstand \u00c4nderungen beim geplanten TTIP-Freihandelsabkommen gefordert, weil negative Auswirkungen f\u00fcr die deutsche Wirtschaft erwartet werden. Obwohl die Kritik an den Abkommen immer lauter wird, sollen wir uns raushalten? So nicht.<\/p>\n","protected":false},"author":1,"featured_media":0,"comment_status":"open","ping_status":"open","sticky":false,"template":"","format":"standard","meta":{"footnotes":""},"categories":[76,51],"tags":[],"jetpack_featured_media_url":"","_links":{"self":[{"href":"http:\/\/www.kunstgalerie-barbara.de\/blog\/wp-json\/wp\/v2\/posts\/17250"}],"collection":[{"href":"http:\/\/www.kunstgalerie-barbara.de\/blog\/wp-json\/wp\/v2\/posts"}],"about":[{"href":"http:\/\/www.kunstgalerie-barbara.de\/blog\/wp-json\/wp\/v2\/types\/post"}],"author":[{"embeddable":true,"href":"http:\/\/www.kunstgalerie-barbara.de\/blog\/wp-json\/wp\/v2\/users\/1"}],"replies":[{"embeddable":true,"href":"http:\/\/www.kunstgalerie-barbara.de\/blog\/wp-json\/wp\/v2\/comments?post=17250"}],"version-history":[{"count":1,"href":"http:\/\/www.kunstgalerie-barbara.de\/blog\/wp-json\/wp\/v2\/posts\/17250\/revisions"}],"predecessor-version":[{"id":17251,"href":"http:\/\/www.kunstgalerie-barbara.de\/blog\/wp-json\/wp\/v2\/posts\/17250\/revisions\/17251"}],"wp:attachment":[{"href":"http:\/\/www.kunstgalerie-barbara.de\/blog\/wp-json\/wp\/v2\/media?parent=17250"}],"wp:term":[{"taxonomy":"category","embeddable":true,"href":"http:\/\/www.kunstgalerie-barbara.de\/blog\/wp-json\/wp\/v2\/categories?post=17250"},{"taxonomy":"post_tag","embeddable":true,"href":"http:\/\/www.kunstgalerie-barbara.de\/blog\/wp-json\/wp\/v2\/tags?post=17250"}],"curies":[{"name":"wp","href":"https:\/\/api.w.org\/{rel}","templated":true}]}}