{"id":17275,"date":"2016-04-01T10:25:42","date_gmt":"2016-04-01T08:25:42","guid":{"rendered":"http:\/\/www.kunstgalerie-barbara.de\/blog\/?p=17275"},"modified":"2016-04-01T10:25:42","modified_gmt":"2016-04-01T08:25:42","slug":"groesstes-zusammenhaengendes-heidegebiet-zwischen-soltau-und-munster-waere-noch-einmal-so-schoen-und-eine-echte-erholung-wenn-ja-wenn-nicht-der-besucher-mit-staendigen-detonationen-aus-richtung-muns","status":"publish","type":"post","link":"http:\/\/www.kunstgalerie-barbara.de\/blog\/2016\/04\/groesstes-zusammenhaengendes-heidegebiet-zwischen-soltau-und-munster-waere-noch-einmal-so-schoen-und-eine-echte-erholung-wenn-ja-wenn-nicht-der-besucher-mit-staendigen-detonationen-aus-richtung-muns\/","title":{"rendered":"Gr\u00f6\u00dftes zusammenh\u00e4ngendes Heidegebiet zwischen Soltau und Munster w\u00e4re noch einmal so sch\u00f6n und eine echte Erholung, wenn, ja wenn nicht der Besucher mit st\u00e4ndigen Detonationen aus Richtung Munster und dem Truppen\u00fcbungsplatz begl\u00fcckt w\u00fcrde auf seinen Streifz\u00fcgen durch die Heidelandschaft&#8230;&#8230;"},"content":{"rendered":"<p><a href=\"http:\/\/www.kunstgalerie-barbara.de\/blog\/wp-content\/uploads\/2016\/04\/P1060130-Kopie.jpg\"><img loading=\"lazy\" decoding=\"async\" class=\"aligncenter wp-image-17276 size-full\" src=\"http:\/\/www.kunstgalerie-barbara.de\/blog\/wp-content\/uploads\/2016\/04\/P1060130-Kopie.jpg\" alt=\"P1060130 Kopie\" width=\"470\" height=\"354\" srcset=\"http:\/\/www.kunstgalerie-barbara.de\/blog\/wp-content\/uploads\/2016\/04\/P1060130-Kopie.jpg 470w, http:\/\/www.kunstgalerie-barbara.de\/blog\/wp-content\/uploads\/2016\/04\/P1060130-Kopie-300x226.jpg 300w\" sizes=\"(max-width: 470px) 100vw, 470px\" \/><\/a>Da wird nach Herzenslust mit Granatenwerfern und Kanonen um sich geschossen und das alles beinahe auf Sicht und aber ganz gewiss\u00a0 auf H\u00f6rweite derer, die glauben sich in der L\u00fcneburger Heide erholen zu m\u00fcssen. Dies ist eine Erholung f\u00fcr Hartgesottene, denn wer mag schon st\u00e4ndig daran erinnert werden, dass ganz in der N\u00e4he der Ernstfall geprobt wird. Und wer von der Ballerei noch nicht genug hat, kann sich im Panzermuseum selbst davon \u00fcberzeugen, wie das aussieht, was er da vorhin nur akustisch wahrgenommen hat. Die ganz Uners\u00e4ttlichen k\u00f6nnen dann auch noch gegen einen entsprechenden Obolus\u00a0 ne Runde im Panzer durchs Gel\u00e4nde drehen.\u00a0 Optimale Ausnutzung von Kriegsmaschinerie und Landschaftsschutzgebiet&#8230;<\/p>\n","protected":false},"excerpt":{"rendered":"<p>Da wird nach Herzenslust mit Granatenwerfern und Kanonen um sich geschossen und das alles beinahe auf Sicht und aber ganz gewiss\u00a0 auf H\u00f6rweite derer, die glauben sich in der L\u00fcneburger Heide erholen zu m\u00fcssen. Dies ist eine Erholung f\u00fcr Hartgesottene, denn wer mag schon st\u00e4ndig daran erinnert werden, dass ganz in der N\u00e4he der Ernstfall geprobt wird. Und wer von der Ballerei noch nicht genug hat, kann sich im Panzermuseum selbst davon \u00fcberzeugen, wie das aussieht, was er da vorhin nur akustisch wahrgenommen hat. Die ganz Uners\u00e4ttlichen k\u00f6nnen dann auch noch gegen einen entsprechenden Obolus\u00a0 ne Runde im Panzer durchs Gel\u00e4nde drehen.\u00a0 Optimale Ausnutzung von Kriegsmaschinerie und Landschaftsschutzgebiet&#8230;<\/p>\n","protected":false},"author":1,"featured_media":0,"comment_status":"open","ping_status":"open","sticky":false,"template":"","format":"standard","meta":{"footnotes":""},"categories":[70,19,67,51],"tags":[],"jetpack_featured_media_url":"","_links":{"self":[{"href":"http:\/\/www.kunstgalerie-barbara.de\/blog\/wp-json\/wp\/v2\/posts\/17275"}],"collection":[{"href":"http:\/\/www.kunstgalerie-barbara.de\/blog\/wp-json\/wp\/v2\/posts"}],"about":[{"href":"http:\/\/www.kunstgalerie-barbara.de\/blog\/wp-json\/wp\/v2\/types\/post"}],"author":[{"embeddable":true,"href":"http:\/\/www.kunstgalerie-barbara.de\/blog\/wp-json\/wp\/v2\/users\/1"}],"replies":[{"embeddable":true,"href":"http:\/\/www.kunstgalerie-barbara.de\/blog\/wp-json\/wp\/v2\/comments?post=17275"}],"version-history":[{"count":1,"href":"http:\/\/www.kunstgalerie-barbara.de\/blog\/wp-json\/wp\/v2\/posts\/17275\/revisions"}],"predecessor-version":[{"id":17280,"href":"http:\/\/www.kunstgalerie-barbara.de\/blog\/wp-json\/wp\/v2\/posts\/17275\/revisions\/17280"}],"wp:attachment":[{"href":"http:\/\/www.kunstgalerie-barbara.de\/blog\/wp-json\/wp\/v2\/media?parent=17275"}],"wp:term":[{"taxonomy":"category","embeddable":true,"href":"http:\/\/www.kunstgalerie-barbara.de\/blog\/wp-json\/wp\/v2\/categories?post=17275"},{"taxonomy":"post_tag","embeddable":true,"href":"http:\/\/www.kunstgalerie-barbara.de\/blog\/wp-json\/wp\/v2\/tags?post=17275"}],"curies":[{"name":"wp","href":"https:\/\/api.w.org\/{rel}","templated":true}]}}