{"id":17346,"date":"2016-04-13T09:14:31","date_gmt":"2016-04-13T07:14:31","guid":{"rendered":"http:\/\/www.kunstgalerie-barbara.de\/blog\/?p=17346"},"modified":"2016-04-13T09:14:31","modified_gmt":"2016-04-13T07:14:31","slug":"fleischlos-gluecklich-minestrone-kann-man-immer-essen-zu-jeder-jahreszeit","status":"publish","type":"post","link":"http:\/\/www.kunstgalerie-barbara.de\/blog\/2016\/04\/fleischlos-gluecklich-minestrone-kann-man-immer-essen-zu-jeder-jahreszeit\/","title":{"rendered":"Fleischlos gl\u00fccklich: Minestrone kann man immer essen, zu jeder Jahreszeit&#8230;"},"content":{"rendered":"<p style=\"text-align: center;\"><a href=\"http:\/\/www.kunstgalerie-barbara.de\/blog\/wp-content\/uploads\/2016\/04\/P1460159-Kopie.jpg\"><img loading=\"lazy\" decoding=\"async\" class=\"aligncenter wp-image-17347 size-full\" src=\"http:\/\/www.kunstgalerie-barbara.de\/blog\/wp-content\/uploads\/2016\/04\/P1460159-Kopie.jpg\" alt=\"P1460159 Kopie\" width=\"454\" height=\"304\" srcset=\"http:\/\/www.kunstgalerie-barbara.de\/blog\/wp-content\/uploads\/2016\/04\/P1460159-Kopie.jpg 454w, http:\/\/www.kunstgalerie-barbara.de\/blog\/wp-content\/uploads\/2016\/04\/P1460159-Kopie-300x201.jpg 300w\" sizes=\"(max-width: 454px) 100vw, 454px\" \/><\/a>geht so:<br \/>\n<!--more--> In anderthalb Liter Wasser zwei bis drei E\u00dfl\u00f6ffel gek\u00f6rnte Gem\u00fcsebr\u00fche geben,<br \/>\neine Handvoll gefrostete oder frische gr\u00fcne Bohnen, ebensoviel gefrostete Erbsen, eine kleingeschittene Zuchini, drei bis vier gesch\u00e4lte und in St\u00fccke geschnittene Kartoffeln, Stangensellie zerkleinert, ebenso eine in St\u00fccke geschnittener Porreestange, Bohnenkraut gerebbelt nach Geschmack, zwei Knoblauchzehen, zwei Scheibchen frische Pepperoni, Drei in St\u00fccke geschnittene Tomaten, eine kleine handvoll Spirelli oder Nudeln der Wahl.<br \/>\nAlles zusammen garen! Bei mir im Dampfkochtopf geht&#8217;s fix, gerade mal sieben Minuten!<br \/>\nZu der Suppe kann ein Scheibe gebuttertes Vollkornbrot gereicht werden!<\/p>\n<p style=\"text-align: center;\">Bon Appetit!<\/p>\n","protected":false},"excerpt":{"rendered":"<p>geht so:<\/p>\n","protected":false},"author":1,"featured_media":0,"comment_status":"open","ping_status":"open","sticky":false,"template":"","format":"standard","meta":{"footnotes":""},"categories":[27],"tags":[],"jetpack_featured_media_url":"","_links":{"self":[{"href":"http:\/\/www.kunstgalerie-barbara.de\/blog\/wp-json\/wp\/v2\/posts\/17346"}],"collection":[{"href":"http:\/\/www.kunstgalerie-barbara.de\/blog\/wp-json\/wp\/v2\/posts"}],"about":[{"href":"http:\/\/www.kunstgalerie-barbara.de\/blog\/wp-json\/wp\/v2\/types\/post"}],"author":[{"embeddable":true,"href":"http:\/\/www.kunstgalerie-barbara.de\/blog\/wp-json\/wp\/v2\/users\/1"}],"replies":[{"embeddable":true,"href":"http:\/\/www.kunstgalerie-barbara.de\/blog\/wp-json\/wp\/v2\/comments?post=17346"}],"version-history":[{"count":1,"href":"http:\/\/www.kunstgalerie-barbara.de\/blog\/wp-json\/wp\/v2\/posts\/17346\/revisions"}],"predecessor-version":[{"id":17348,"href":"http:\/\/www.kunstgalerie-barbara.de\/blog\/wp-json\/wp\/v2\/posts\/17346\/revisions\/17348"}],"wp:attachment":[{"href":"http:\/\/www.kunstgalerie-barbara.de\/blog\/wp-json\/wp\/v2\/media?parent=17346"}],"wp:term":[{"taxonomy":"category","embeddable":true,"href":"http:\/\/www.kunstgalerie-barbara.de\/blog\/wp-json\/wp\/v2\/categories?post=17346"},{"taxonomy":"post_tag","embeddable":true,"href":"http:\/\/www.kunstgalerie-barbara.de\/blog\/wp-json\/wp\/v2\/tags?post=17346"}],"curies":[{"name":"wp","href":"https:\/\/api.w.org\/{rel}","templated":true}]}}