{"id":17385,"date":"2016-04-21T14:18:03","date_gmt":"2016-04-21T12:18:03","guid":{"rendered":"http:\/\/www.kunstgalerie-barbara.de\/blog\/?p=17385"},"modified":"2016-04-26T07:21:14","modified_gmt":"2016-04-26T05:21:14","slug":"bremer-auenlandschaft","status":"publish","type":"post","link":"http:\/\/www.kunstgalerie-barbara.de\/blog\/2016\/04\/bremer-auenlandschaft\/","title":{"rendered":"Bremer Auenlandschaft&#8230;"},"content":{"rendered":"<p><a href=\"http:\/\/www.kunstgalerie-barbara.de\/blog\/wp-content\/uploads\/2016\/04\/P1050329-Kopie.jpg\"><img loading=\"lazy\" decoding=\"async\" class=\"aligncenter wp-image-17386 size-full\" src=\"http:\/\/www.kunstgalerie-barbara.de\/blog\/wp-content\/uploads\/2016\/04\/P1050329-Kopie.jpg\" alt=\"P1050329 Kopie\" width=\"450\" height=\"235\" srcset=\"http:\/\/www.kunstgalerie-barbara.de\/blog\/wp-content\/uploads\/2016\/04\/P1050329-Kopie.jpg 450w, http:\/\/www.kunstgalerie-barbara.de\/blog\/wp-content\/uploads\/2016\/04\/P1050329-Kopie-300x157.jpg 300w\" sizes=\"(max-width: 450px) 100vw, 450px\" \/><\/a>Zwar nur im Herbst und Winter zu beobachten, aber darum nicht weniger sch\u00f6n. F\u00fcr manch einen hat es etwas Bedrohliches,\u00a0 wenn<br \/>\nFl\u00fcsse \u00fcber die Ufer treten, jedoch in diesem Fall ist es das nicht. Je weniger Fl\u00fcsse begradigt und in ein starres Bett gezw\u00e4ngt werden, um so mehr hat das Wasser die M\u00f6glichkeit auszuweichen beispielsweise in Nebenarme, die W\u00fcmme hat einige davon, oder eben \u00fcber die Ufer zu treten in Gebieten, in denen niemand zu Schaden kommt.\u00a0\u00a0 Auenlandschaften geh\u00f6ren zu den artenreichsten\u00a0 Gebieten weltweit! Nicht nur Wasserv\u00f6gel profitieren von diesen \u00dcberschwemmungen, im Fr\u00fchjahr und Sommer wenn das Wasser verdunstet ist, sind die Wiesen so gr\u00fcn und saftig wie nie zuvor und davon profitieren alle die, die sich vom Gras ern\u00e4hren und \u00fcber den Umweg \u00fcber K\u00fche also auch der Mensch!<\/p>\n<p><a href=\"https:\/\/de.wikipedia.org\/wiki\/Flussaue\">https:\/\/de.wikipedia.org\/wiki\/Flussaue<\/a><\/p>\n","protected":false},"excerpt":{"rendered":"<p>Zwar nur im Herbst und Winter zu beobachten, aber darum nicht weniger sch\u00f6n. F\u00fcr manch einen hat es etwas Bedrohliches,\u00a0 wenn Fl\u00fcsse \u00fcber die Ufer treten, jedoch in diesem Fall ist es das nicht. Je weniger Fl\u00fcsse begradigt und in ein starres Bett gezw\u00e4ngt werden, um so mehr hat das Wasser die M\u00f6glichkeit auszuweichen beispielsweise in Nebenarme, die W\u00fcmme hat einige davon, oder eben \u00fcber die Ufer zu treten in Gebieten, in denen niemand zu Schaden kommt.\u00a0\u00a0 Auenlandschaften geh\u00f6ren zu den artenreichsten\u00a0 Gebieten weltweit! Nicht nur Wasserv\u00f6gel profitieren von diesen \u00dcberschwemmungen, im Fr\u00fchjahr und Sommer wenn das Wasser verdunstet ist, sind die Wiesen so gr\u00fcn und saftig wie nie zuvor und davon profitieren alle die, die sich vom Gras ern\u00e4hren und \u00fcber den Umweg \u00fcber K\u00fche also auch der Mensch! https:\/\/de.wikipedia.org\/wiki\/Flussaue<\/p>\n","protected":false},"author":1,"featured_media":0,"comment_status":"open","ping_status":"open","sticky":false,"template":"","format":"standard","meta":{"footnotes":""},"categories":[70,51],"tags":[],"jetpack_featured_media_url":"","_links":{"self":[{"href":"http:\/\/www.kunstgalerie-barbara.de\/blog\/wp-json\/wp\/v2\/posts\/17385"}],"collection":[{"href":"http:\/\/www.kunstgalerie-barbara.de\/blog\/wp-json\/wp\/v2\/posts"}],"about":[{"href":"http:\/\/www.kunstgalerie-barbara.de\/blog\/wp-json\/wp\/v2\/types\/post"}],"author":[{"embeddable":true,"href":"http:\/\/www.kunstgalerie-barbara.de\/blog\/wp-json\/wp\/v2\/users\/1"}],"replies":[{"embeddable":true,"href":"http:\/\/www.kunstgalerie-barbara.de\/blog\/wp-json\/wp\/v2\/comments?post=17385"}],"version-history":[{"count":1,"href":"http:\/\/www.kunstgalerie-barbara.de\/blog\/wp-json\/wp\/v2\/posts\/17385\/revisions"}],"predecessor-version":[{"id":17408,"href":"http:\/\/www.kunstgalerie-barbara.de\/blog\/wp-json\/wp\/v2\/posts\/17385\/revisions\/17408"}],"wp:attachment":[{"href":"http:\/\/www.kunstgalerie-barbara.de\/blog\/wp-json\/wp\/v2\/media?parent=17385"}],"wp:term":[{"taxonomy":"category","embeddable":true,"href":"http:\/\/www.kunstgalerie-barbara.de\/blog\/wp-json\/wp\/v2\/categories?post=17385"},{"taxonomy":"post_tag","embeddable":true,"href":"http:\/\/www.kunstgalerie-barbara.de\/blog\/wp-json\/wp\/v2\/tags?post=17385"}],"curies":[{"name":"wp","href":"https:\/\/api.w.org\/{rel}","templated":true}]}}