{"id":17402,"date":"2016-04-26T07:05:14","date_gmt":"2016-04-26T05:05:14","guid":{"rendered":"http:\/\/www.kunstgalerie-barbara.de\/blog\/?p=17402"},"modified":"2016-04-26T07:06:22","modified_gmt":"2016-04-26T05:06:22","slug":"sauerklee-blueht-nicht-nur-wunderschoen-er-gehoert-auch-zu-den-wildkraeutern-mit-denen-man-einen-salat-anreichern-kann","status":"publish","type":"post","link":"http:\/\/www.kunstgalerie-barbara.de\/blog\/2016\/04\/sauerklee-blueht-nicht-nur-wunderschoen-er-gehoert-auch-zu-den-wildkraeutern-mit-denen-man-einen-salat-anreichern-kann\/","title":{"rendered":"Sauerklee bl\u00fcht nicht nur wundersch\u00f6n, er geh\u00f6rt auch zu den Wildkr\u00e4utern, mit denen man einen Salat anreichern kann&#8230;."},"content":{"rendered":"<p>&nbsp;<\/p>\n<p><a href=\"http:\/\/www.kunstgalerie-barbara.de\/blog\/wp-content\/uploads\/2016\/04\/P1060914-Kopie.jpg\"><img loading=\"lazy\" decoding=\"async\" class=\"aligncenter wp-image-17403 size-full\" src=\"http:\/\/www.kunstgalerie-barbara.de\/blog\/wp-content\/uploads\/2016\/04\/P1060914-Kopie.jpg\" alt=\"P1060914 Kopie\" width=\"470\" height=\"354\" srcset=\"http:\/\/www.kunstgalerie-barbara.de\/blog\/wp-content\/uploads\/2016\/04\/P1060914-Kopie.jpg 470w, http:\/\/www.kunstgalerie-barbara.de\/blog\/wp-content\/uploads\/2016\/04\/P1060914-Kopie-300x226.jpg 300w\" sizes=\"(max-width: 470px) 100vw, 470px\" \/><\/a><\/p>\n<p>&#8230;man findet ihn beispielsweis in W\u00e4ldern bzw.\u00a0 um genau zu sein an Waldb\u00f6den, denn er ist ziemlich klein und etwas unscheinbar!<\/p>\n<p>http:\/\/www.wilde-genuesse.de\/kraeuter\/posts\/sauerklee21.php<\/p>\n","protected":false},"excerpt":{"rendered":"<p>&nbsp; &#8230;man findet ihn beispielsweis in W\u00e4ldern bzw.\u00a0 um genau zu sein an Waldb\u00f6den, denn er ist ziemlich klein und etwas unscheinbar! http:\/\/www.wilde-genuesse.de\/kraeuter\/posts\/sauerklee21.php<\/p>\n","protected":false},"author":1,"featured_media":0,"comment_status":"open","ping_status":"open","sticky":false,"template":"","format":"standard","meta":{"footnotes":""},"categories":[74,22,75,67,27,51],"tags":[],"jetpack_featured_media_url":"","_links":{"self":[{"href":"http:\/\/www.kunstgalerie-barbara.de\/blog\/wp-json\/wp\/v2\/posts\/17402"}],"collection":[{"href":"http:\/\/www.kunstgalerie-barbara.de\/blog\/wp-json\/wp\/v2\/posts"}],"about":[{"href":"http:\/\/www.kunstgalerie-barbara.de\/blog\/wp-json\/wp\/v2\/types\/post"}],"author":[{"embeddable":true,"href":"http:\/\/www.kunstgalerie-barbara.de\/blog\/wp-json\/wp\/v2\/users\/1"}],"replies":[{"embeddable":true,"href":"http:\/\/www.kunstgalerie-barbara.de\/blog\/wp-json\/wp\/v2\/comments?post=17402"}],"version-history":[{"count":1,"href":"http:\/\/www.kunstgalerie-barbara.de\/blog\/wp-json\/wp\/v2\/posts\/17402\/revisions"}],"predecessor-version":[{"id":17406,"href":"http:\/\/www.kunstgalerie-barbara.de\/blog\/wp-json\/wp\/v2\/posts\/17402\/revisions\/17406"}],"wp:attachment":[{"href":"http:\/\/www.kunstgalerie-barbara.de\/blog\/wp-json\/wp\/v2\/media?parent=17402"}],"wp:term":[{"taxonomy":"category","embeddable":true,"href":"http:\/\/www.kunstgalerie-barbara.de\/blog\/wp-json\/wp\/v2\/categories?post=17402"},{"taxonomy":"post_tag","embeddable":true,"href":"http:\/\/www.kunstgalerie-barbara.de\/blog\/wp-json\/wp\/v2\/tags?post=17402"}],"curies":[{"name":"wp","href":"https:\/\/api.w.org\/{rel}","templated":true}]}}