{"id":17417,"date":"2016-04-29T04:52:04","date_gmt":"2016-04-29T02:52:04","guid":{"rendered":"http:\/\/www.kunstgalerie-barbara.de\/blog\/?p=17417"},"modified":"2016-04-29T06:29:45","modified_gmt":"2016-04-29T04:29:45","slug":"bitte-unterschreibt-die-untenstehende-petition-damit-die-restlichen-woelfe-in-niedersachsen-am-leben-bleiben","status":"publish","type":"post","link":"http:\/\/www.kunstgalerie-barbara.de\/blog\/2016\/04\/bitte-unterschreibt-die-untenstehende-petition-damit-die-restlichen-woelfe-in-niedersachsen-am-leben-bleiben\/","title":{"rendered":"Bitte unterschreibt die untenstehende Petition, damit die wenigen restlichen freilebenden W\u00f6lfe in Niedersachsen am Leben bleiben&#8230;"},"content":{"rendered":"<p><strong><img decoding=\"async\" class=\"image-cropper-nodrag position-absolute-center \" src=\"https:\/\/d22r54gnmuhwmk.cloudfront.net\/photos\/8\/rc\/cw\/mERCcWgIIDtYfhf-800x450-noPad.jpg?1450473466\" alt=\"\" \/><\/strong><\/p>\n<p>Liebe Wolfsfreunde,<\/p>\n<p>heute ist ein trauriger Tag. Der Munsteraner Wolf (Mt6 oder &#8220;Kurti&#8221;) ist im Auftrag des Umweltministeriums gestern <strong>erschossen<\/strong> worden (T\u00f6tungsauftrag vom Umweltminister von Niedersachsen Stefan Wenzel). (Das seht ihr auf dem Link zu Ndr online, weiter unten!).<\/p>\n<p>Der Goldenstedter Wolf und ich brauchen jetzt ganz dringend Eure Unterst\u00fctzung!<\/p>\n<p>Ich bef\u00fcrchte das jetzt unsere Goldenstedter W\u00f6lfin an der Reihe ist.<\/p>\n<p><a href=\"https:\/\/www.change.org\/p\/nieders%C3%A4chsisches-ministerium-f%C3%BCr-umwelt-energie-und-klimaschutz-herrn-stefan-wenzel-mit-dem-menschen-f%C3%BCr-den-wolf?recruiter=54171434&amp;utm_source=share_petition&amp;utm_medium=facebook&amp;utm_campaign=autopublish&amp;utm_term=des-md-share_petition-no_msg&amp;fb_ref=Default\">https:\/\/www.change.org\/p\/nieders%C3%A4chsisches-ministerium-f%C3%BCr-umwelt-energie-und-klimaschutz-herrn-stefan-wenzel-mit-dem-menschen-f%C3%BCr-den-wolf?recruiter=54171434&amp;utm_source=share_petition&amp;utm_medium=facebook&amp;utm_campaign=autopublish&amp;utm_term=des-md-share_petition-no_msg&amp;fb_ref=Default<\/a><\/p>\n","protected":false},"excerpt":{"rendered":"<p>Liebe Wolfsfreunde, heute ist ein trauriger Tag. Der Munsteraner Wolf (Mt6 oder &#8220;Kurti&#8221;) ist im Auftrag des Umweltministeriums gestern erschossen worden (T\u00f6tungsauftrag vom Umweltminister von Niedersachsen Stefan Wenzel). (Das seht ihr auf dem Link zu Ndr online, weiter unten!). Der Goldenstedter Wolf und ich brauchen jetzt ganz dringend Eure Unterst\u00fctzung! Ich bef\u00fcrchte das jetzt unsere Goldenstedter W\u00f6lfin an der Reihe ist. https:\/\/www.change.org\/p\/nieders%C3%A4chsisches-ministerium-f%C3%BCr-umwelt-energie-und-klimaschutz-herrn-stefan-wenzel-mit-dem-menschen-f%C3%BCr-den-wolf?recruiter=54171434&amp;utm_source=share_petition&amp;utm_medium=facebook&amp;utm_campaign=autopublish&amp;utm_term=des-md-share_petition-no_msg&amp;fb_ref=Default<\/p>\n","protected":false},"author":1,"featured_media":0,"comment_status":"open","ping_status":"open","sticky":false,"template":"","format":"standard","meta":{"footnotes":""},"categories":[42,67,76,71,51],"tags":[],"jetpack_featured_media_url":"","_links":{"self":[{"href":"http:\/\/www.kunstgalerie-barbara.de\/blog\/wp-json\/wp\/v2\/posts\/17417"}],"collection":[{"href":"http:\/\/www.kunstgalerie-barbara.de\/blog\/wp-json\/wp\/v2\/posts"}],"about":[{"href":"http:\/\/www.kunstgalerie-barbara.de\/blog\/wp-json\/wp\/v2\/types\/post"}],"author":[{"embeddable":true,"href":"http:\/\/www.kunstgalerie-barbara.de\/blog\/wp-json\/wp\/v2\/users\/1"}],"replies":[{"embeddable":true,"href":"http:\/\/www.kunstgalerie-barbara.de\/blog\/wp-json\/wp\/v2\/comments?post=17417"}],"version-history":[{"count":1,"href":"http:\/\/www.kunstgalerie-barbara.de\/blog\/wp-json\/wp\/v2\/posts\/17417\/revisions"}],"predecessor-version":[{"id":17420,"href":"http:\/\/www.kunstgalerie-barbara.de\/blog\/wp-json\/wp\/v2\/posts\/17417\/revisions\/17420"}],"wp:attachment":[{"href":"http:\/\/www.kunstgalerie-barbara.de\/blog\/wp-json\/wp\/v2\/media?parent=17417"}],"wp:term":[{"taxonomy":"category","embeddable":true,"href":"http:\/\/www.kunstgalerie-barbara.de\/blog\/wp-json\/wp\/v2\/categories?post=17417"},{"taxonomy":"post_tag","embeddable":true,"href":"http:\/\/www.kunstgalerie-barbara.de\/blog\/wp-json\/wp\/v2\/tags?post=17417"}],"curies":[{"name":"wp","href":"https:\/\/api.w.org\/{rel}","templated":true}]}}