{"id":17445,"date":"2016-05-05T05:47:33","date_gmt":"2016-05-05T03:47:33","guid":{"rendered":"http:\/\/www.kunstgalerie-barbara.de\/blog\/?p=17445"},"modified":"2016-05-05T05:58:41","modified_gmt":"2016-05-05T03:58:41","slug":"raps-ist-nicht-nur-eine-futterpflanze-aus-wird-koestliches-speiseoel-gewonnen","status":"publish","type":"post","link":"http:\/\/www.kunstgalerie-barbara.de\/blog\/2016\/05\/raps-ist-nicht-nur-eine-futterpflanze-aus-wird-koestliches-speiseoel-gewonnen\/","title":{"rendered":"Raps ist nicht nur eine Futterpflanze, aus ihr wird k\u00f6stliches Speise\u00f6l gewonnen&#8230;"},"content":{"rendered":"<p><a href=\"http:\/\/www.kunstgalerie-barbara.de\/blog\/wp-content\/uploads\/2016\/05\/P1060929-Kopie.jpg\"><img loading=\"lazy\" decoding=\"async\" class=\"aligncenter wp-image-17446 size-full\" src=\"http:\/\/www.kunstgalerie-barbara.de\/blog\/wp-content\/uploads\/2016\/05\/P1060929-Kopie.jpg\" alt=\"P1060929 Kopie\" width=\"452\" height=\"600\" srcset=\"http:\/\/www.kunstgalerie-barbara.de\/blog\/wp-content\/uploads\/2016\/05\/P1060929-Kopie.jpg 452w, http:\/\/www.kunstgalerie-barbara.de\/blog\/wp-content\/uploads\/2016\/05\/P1060929-Kopie-226x300.jpg 226w\" sizes=\"(max-width: 452px) 100vw, 452px\" \/><\/a>&#8230; Raps\u00f6l ist nicht nur au\u00dferordentlich wohlschmeckend, es ist auch enorm gesund und es ist mindestens so wertvoll wie Oliven\u00f6l! Wir m\u00fcssen es nicht importieren, denn es w\u00e4chst bei uns vor der Haust\u00fcre.<br \/>\nMan kann mit ihm backen, braten, zum Salatdressing verwenden oder einfach ein St\u00fcckchen Brot in Raps\u00f6l eintauchen und geniessen!<br \/>\nIn letzter Zeit wird Raps\u00f6l stark kritisiert und verteufelt, zu unrecht wie ich meine.<\/p>\n<p><a href=\"http:\/\/www.essen-und-trinken.de\/rapsoel\/rapsoel--gesund-und-vielseitig-1002502.html#\">http:\/\/www.essen-und-trinken.de\/rapsoel\/rapsoel&#8211;gesund-und-vielseitig-1002502.html#<\/a><\/p>\n<p><a href=\"http:\/\/www.daskochrezept.de\/magazin\/news-termine\/stiftung-warentest-rapsoel-ist-gesuender-als-olivenoel_153563.html\">http:\/\/www.daskochrezept.de\/magazin\/news-termine\/stiftung-warentest-rapsoel-ist-gesuender-als-olivenoel_153563.html<\/a><\/p>\n","protected":false},"excerpt":{"rendered":"<p>&#8230; Raps\u00f6l ist nicht nur au\u00dferordentlich wohlschmeckend, es ist auch enorm gesund und es ist mindestens so wertvoll wie Oliven\u00f6l! Wir m\u00fcssen es nicht importieren, denn es w\u00e4chst bei uns vor der Haust\u00fcre. Man kann mit ihm backen, braten, zum Salatdressing verwenden oder einfach ein St\u00fcckchen Brot in Raps\u00f6l eintauchen und geniessen! In letzter Zeit wird Raps\u00f6l stark kritisiert und verteufelt, zu unrecht wie ich meine. http:\/\/www.essen-und-trinken.de\/rapsoel\/rapsoel&#8211;gesund-und-vielseitig-1002502.html# http:\/\/www.daskochrezept.de\/magazin\/news-termine\/stiftung-warentest-rapsoel-ist-gesuender-als-olivenoel_153563.html<\/p>\n","protected":false},"author":1,"featured_media":0,"comment_status":"open","ping_status":"open","sticky":false,"template":"","format":"standard","meta":{"footnotes":""},"categories":[74,73,27,64],"tags":[],"jetpack_featured_media_url":"","_links":{"self":[{"href":"http:\/\/www.kunstgalerie-barbara.de\/blog\/wp-json\/wp\/v2\/posts\/17445"}],"collection":[{"href":"http:\/\/www.kunstgalerie-barbara.de\/blog\/wp-json\/wp\/v2\/posts"}],"about":[{"href":"http:\/\/www.kunstgalerie-barbara.de\/blog\/wp-json\/wp\/v2\/types\/post"}],"author":[{"embeddable":true,"href":"http:\/\/www.kunstgalerie-barbara.de\/blog\/wp-json\/wp\/v2\/users\/1"}],"replies":[{"embeddable":true,"href":"http:\/\/www.kunstgalerie-barbara.de\/blog\/wp-json\/wp\/v2\/comments?post=17445"}],"version-history":[{"count":1,"href":"http:\/\/www.kunstgalerie-barbara.de\/blog\/wp-json\/wp\/v2\/posts\/17445\/revisions"}],"predecessor-version":[{"id":17450,"href":"http:\/\/www.kunstgalerie-barbara.de\/blog\/wp-json\/wp\/v2\/posts\/17445\/revisions\/17450"}],"wp:attachment":[{"href":"http:\/\/www.kunstgalerie-barbara.de\/blog\/wp-json\/wp\/v2\/media?parent=17445"}],"wp:term":[{"taxonomy":"category","embeddable":true,"href":"http:\/\/www.kunstgalerie-barbara.de\/blog\/wp-json\/wp\/v2\/categories?post=17445"},{"taxonomy":"post_tag","embeddable":true,"href":"http:\/\/www.kunstgalerie-barbara.de\/blog\/wp-json\/wp\/v2\/tags?post=17445"}],"curies":[{"name":"wp","href":"https:\/\/api.w.org\/{rel}","templated":true}]}}