{"id":1747,"date":"2009-04-29T06:39:24","date_gmt":"2009-04-29T05:39:24","guid":{"rendered":"http:\/\/www.kunstgalerie-barbara.de\/blog\/?p=1747"},"modified":"2010-02-18T15:29:49","modified_gmt":"2010-02-18T14:29:49","slug":"viel-oder-wenig-spielzeug","status":"publish","type":"post","link":"http:\/\/www.kunstgalerie-barbara.de\/blog\/2009\/04\/viel-oder-wenig-spielzeug\/","title":{"rendered":"Viel oder wenig Spielzeug???"},"content":{"rendered":"<p style=\"text-align: center;\">\u00e2\u20ac\u00a6das ist wirklich die Frage. Ich meine, je weniger Spielzeug, umso besser!<img loading=\"lazy\" decoding=\"async\" class=\"aligncenter size-full wp-image-1749\" title=\"p1010087\" src=\"http:\/\/www.kunstgalerie-barbara.de\/blog\/wp-content\/uploads\/2009\/04\/p1010087.jpg\" alt=\"p1010087\" width=\"365\" height=\"366\" \/><br \/>\nVor kurzem berichtete eine bekannte Schauspielerin, sie h\u00c3\u00a4tte zusammen mit ihren Kindern deren Spielzeug aussortiert und dieses dann vermeintlich \u00e2\u20ac\u017earmen\u00e2\u20ac\u0153 indischen Kindern gespendet. Sie fragte sich in ihrem  \u00c3\u0153bereifer selbstverst\u00c3\u00a4ndlich kein bisschen, ob dieses westeurop\u00c3\u00a4ische Spielzeug f\u00c3\u00bcr ein indisches Kind \u00c3\u00bcberhaupt attraktiv ist und schon gar nicht, ob \u00c3\u00bcberhaupt Bedarf f\u00c3\u00bcr den ausgemusterten Restm\u00c3\u00bcll vorhanden war.<br \/>\n<!--more--><br \/>\nWir Westeurop\u00c3\u00a4er bedauern Menschen in den von uns so genannten Entwicklungs- oder Schwellenl\u00c3\u00a4ndern  und bezeichnen sie als aus unserer Sicht arm. Nicht zur Kenntnis nehmend, dass diese Menschen einer anderen Kultur angeh\u00c3\u00b6ren und sich selbst nicht unbedingt als bed\u00c3\u00bcrftig bezeichnen w\u00c3\u00bcrden, nur weil sie keine Wassertoilette oder kein Bad ihr eigen nennen k\u00c3\u00b6nnen und auch keinen Computer. Wichtig in diesen Regionen der Welt ist es vermutlich eher, t\u00c3\u00a4glich gen\u00c3\u00bcgend zu essen und zu trinken zu haben.<br \/>\nSo \u00c3\u00a4hnlich verh\u00c3\u00a4lt es sich auch \u00c3\u00bcbrigens mit dem Spielzeug. Selbstverst\u00c3\u00a4ndlich werden diese Kinder auch Spielzeug haben, nur sieht es eben anders aus, als das europ\u00c3\u00a4ischer Kinder. Es k\u00c3\u00b6nnen Steinchen sein, H\u00c3\u00b6lzer oder \u00c3\u201ehnliches, mit denen sich \u00c3\u00bcbrigens mindestens genauso gut spielen l\u00c3\u00a4sst, wenn nicht sogar besser als  mit dem unserer Kinder. Ich behaupte sogar, dass dieser angebliche Mangel die Fantasie weitaus mehr anregt, als unser europ\u00c3\u00a4ischer \u00c3\u0153berfluss.<br \/>\nWer sagt also, dass es den Menschen hilft, unseren Wohlstandsm\u00c3\u00bcll in der dritten Welt zu verteilen und vor allen Dingen, unseren europ\u00c3\u00a4ischen Ma\u00c3\u0178stab an den Rest der Welt zu legen?<br \/>\nWichtig sind nicht hohe materielle Werte, sondern die F\u00c3\u00a4higkeit, mit den vorhandenen Ressuorcen fantasievoll, den jeweiligen Anforderungen entsprechend  umzugehen.<\/p>\n","protected":false},"excerpt":{"rendered":"<p>\u00e2\u20ac\u00a6das ist wirklich die Frage. Ich meine, je weniger Spielzeug, umso besser! Vor kurzem berichtete eine bekannte Schauspielerin, sie h\u00c3\u00a4tte zusammen mit ihren Kindern deren Spielzeug aussortiert und dieses dann vermeintlich \u00e2\u20ac\u017earmen\u00e2\u20ac\u0153 indischen Kindern gespendet. Sie fragte sich in ihrem \u00c3\u0153bereifer selbstverst\u00c3\u00a4ndlich kein bisschen, ob dieses westeurop\u00c3\u00a4ische Spielzeug f\u00c3\u00bcr ein indisches Kind \u00c3\u00bcberhaupt attraktiv ist und schon gar nicht, ob \u00c3\u00bcberhaupt Bedarf f\u00c3\u00bcr den ausgemusterten Restm\u00c3\u00bcll vorhanden war.<\/p>\n","protected":false},"author":1,"featured_media":0,"comment_status":"open","ping_status":"open","sticky":false,"template":"","format":"standard","meta":{"footnotes":""},"categories":[19],"tags":[],"jetpack_featured_media_url":"","_links":{"self":[{"href":"http:\/\/www.kunstgalerie-barbara.de\/blog\/wp-json\/wp\/v2\/posts\/1747"}],"collection":[{"href":"http:\/\/www.kunstgalerie-barbara.de\/blog\/wp-json\/wp\/v2\/posts"}],"about":[{"href":"http:\/\/www.kunstgalerie-barbara.de\/blog\/wp-json\/wp\/v2\/types\/post"}],"author":[{"embeddable":true,"href":"http:\/\/www.kunstgalerie-barbara.de\/blog\/wp-json\/wp\/v2\/users\/1"}],"replies":[{"embeddable":true,"href":"http:\/\/www.kunstgalerie-barbara.de\/blog\/wp-json\/wp\/v2\/comments?post=1747"}],"version-history":[{"count":1,"href":"http:\/\/www.kunstgalerie-barbara.de\/blog\/wp-json\/wp\/v2\/posts\/1747\/revisions"}],"predecessor-version":[{"id":3708,"href":"http:\/\/www.kunstgalerie-barbara.de\/blog\/wp-json\/wp\/v2\/posts\/1747\/revisions\/3708"}],"wp:attachment":[{"href":"http:\/\/www.kunstgalerie-barbara.de\/blog\/wp-json\/wp\/v2\/media?parent=1747"}],"wp:term":[{"taxonomy":"category","embeddable":true,"href":"http:\/\/www.kunstgalerie-barbara.de\/blog\/wp-json\/wp\/v2\/categories?post=1747"},{"taxonomy":"post_tag","embeddable":true,"href":"http:\/\/www.kunstgalerie-barbara.de\/blog\/wp-json\/wp\/v2\/tags?post=1747"}],"curies":[{"name":"wp","href":"https:\/\/api.w.org\/{rel}","templated":true}]}}