{"id":17513,"date":"2016-05-20T15:11:03","date_gmt":"2016-05-20T13:11:03","guid":{"rendered":"http:\/\/www.kunstgalerie-barbara.de\/blog\/?p=17513"},"modified":"2016-05-20T15:29:50","modified_gmt":"2016-05-20T13:29:50","slug":"ruderalflaechen-werden-immer-weniger-in-der-bremer-ueberseestadt","status":"publish","type":"post","link":"http:\/\/www.kunstgalerie-barbara.de\/blog\/2016\/05\/ruderalflaechen-werden-immer-weniger-in-der-bremer-ueberseestadt\/","title":{"rendered":"Es gibt immer weniger Brachen in der Bremer \u00dcberseestadt&#8230;"},"content":{"rendered":"<p><a href=\"http:\/\/www.kunstgalerie-barbara.de\/blog\/wp-content\/uploads\/2016\/05\/P1070036-Kopie.jpg\"><img loading=\"lazy\" decoding=\"async\" class=\"aligncenter wp-image-17514 size-full\" src=\"http:\/\/www.kunstgalerie-barbara.de\/blog\/wp-content\/uploads\/2016\/05\/P1070036-Kopie.jpg\" alt=\"P1070036 Kopie\" width=\"450\" height=\"311\" srcset=\"http:\/\/www.kunstgalerie-barbara.de\/blog\/wp-content\/uploads\/2016\/05\/P1070036-Kopie.jpg 450w, http:\/\/www.kunstgalerie-barbara.de\/blog\/wp-content\/uploads\/2016\/05\/P1070036-Kopie-300x207.jpg 300w\" sizes=\"(max-width: 450px) 100vw, 450px\" \/><\/a>&#8230;leider wird nach und nach alles bebaut und zugepflastert! Das nimmt der Natur und den Wildpflanzen die M\u00f6glichkeit sich auszubreiten. Also mu\u00df man die noch vorhandenen Brachen nutzen, um Pflanzen zu verbreiten, auszus\u00e4en, wie es meine Tochter Maxi mit dem\u00a0 Stechapfel hier tut.<\/p>\n","protected":false},"excerpt":{"rendered":"<p>&#8230;leider wird nach und nach alles bebaut und zugepflastert! Das nimmt der Natur und den Wildpflanzen die M\u00f6glichkeit sich auszubreiten. Also mu\u00df man die noch vorhandenen Brachen nutzen, um Pflanzen zu verbreiten, auszus\u00e4en, wie es meine Tochter Maxi mit dem\u00a0 Stechapfel hier tut.<\/p>\n","protected":false},"author":1,"featured_media":0,"comment_status":"open","ping_status":"open","sticky":false,"template":"","format":"standard","meta":{"footnotes":""},"categories":[70,67,51,64],"tags":[],"jetpack_featured_media_url":"","_links":{"self":[{"href":"http:\/\/www.kunstgalerie-barbara.de\/blog\/wp-json\/wp\/v2\/posts\/17513"}],"collection":[{"href":"http:\/\/www.kunstgalerie-barbara.de\/blog\/wp-json\/wp\/v2\/posts"}],"about":[{"href":"http:\/\/www.kunstgalerie-barbara.de\/blog\/wp-json\/wp\/v2\/types\/post"}],"author":[{"embeddable":true,"href":"http:\/\/www.kunstgalerie-barbara.de\/blog\/wp-json\/wp\/v2\/users\/1"}],"replies":[{"embeddable":true,"href":"http:\/\/www.kunstgalerie-barbara.de\/blog\/wp-json\/wp\/v2\/comments?post=17513"}],"version-history":[{"count":1,"href":"http:\/\/www.kunstgalerie-barbara.de\/blog\/wp-json\/wp\/v2\/posts\/17513\/revisions"}],"predecessor-version":[{"id":17518,"href":"http:\/\/www.kunstgalerie-barbara.de\/blog\/wp-json\/wp\/v2\/posts\/17513\/revisions\/17518"}],"wp:attachment":[{"href":"http:\/\/www.kunstgalerie-barbara.de\/blog\/wp-json\/wp\/v2\/media?parent=17513"}],"wp:term":[{"taxonomy":"category","embeddable":true,"href":"http:\/\/www.kunstgalerie-barbara.de\/blog\/wp-json\/wp\/v2\/categories?post=17513"},{"taxonomy":"post_tag","embeddable":true,"href":"http:\/\/www.kunstgalerie-barbara.de\/blog\/wp-json\/wp\/v2\/tags?post=17513"}],"curies":[{"name":"wp","href":"https:\/\/api.w.org\/{rel}","templated":true}]}}