{"id":17519,"date":"2016-05-22T05:39:11","date_gmt":"2016-05-22T03:39:11","guid":{"rendered":"http:\/\/www.kunstgalerie-barbara.de\/blog\/?p=17519"},"modified":"2016-05-23T18:26:10","modified_gmt":"2016-05-23T16:26:10","slug":"die-voegel-in-unserer-umgebung-und-besonders-die-meisen-sind-ohne-jegliche-scheu","status":"publish","type":"post","link":"http:\/\/www.kunstgalerie-barbara.de\/blog\/2016\/05\/die-voegel-in-unserer-umgebung-und-besonders-die-meisen-sind-ohne-jegliche-scheu\/","title":{"rendered":"Die Singv\u00f6gel in unserer Umgebung und besonders die Meisen sind zum Gl\u00fcck ohne jegliche Scheu&#8230;"},"content":{"rendered":"<p><a href=\"http:\/\/www.kunstgalerie-barbara.de\/blog\/wp-content\/uploads\/2016\/05\/P1250894-Kopie.jpg\"><img loading=\"lazy\" decoding=\"async\" class=\"aligncenter wp-image-17520 size-full\" src=\"http:\/\/www.kunstgalerie-barbara.de\/blog\/wp-content\/uploads\/2016\/05\/P1250894-Kopie.jpg\" alt=\"P1250894 Kopie\" width=\"450\" height=\"325\" srcset=\"http:\/\/www.kunstgalerie-barbara.de\/blog\/wp-content\/uploads\/2016\/05\/P1250894-Kopie.jpg 450w, http:\/\/www.kunstgalerie-barbara.de\/blog\/wp-content\/uploads\/2016\/05\/P1250894-Kopie-300x217.jpg 300w\" sizes=\"(max-width: 450px) 100vw, 450px\" \/><\/a>&#8230;. sie h\u00fcpfen frech vor mir her durch den Garten ohne Angst, sie f\u00fcrchten weder uns Menschen noch vermutlich die diversen Katzen die unsere Gegend bev\u00f6lkern!<\/p>\n","protected":false},"excerpt":{"rendered":"<p>&#8230;. sie h\u00fcpfen frech vor mir her durch den Garten ohne Angst, sie f\u00fcrchten weder uns Menschen noch vermutlich die diversen Katzen die unsere Gegend bev\u00f6lkern!<\/p>\n","protected":false},"author":1,"featured_media":0,"comment_status":"open","ping_status":"open","sticky":false,"template":"","format":"standard","meta":{"footnotes":""},"categories":[26,67,71,51],"tags":[],"jetpack_featured_media_url":"","_links":{"self":[{"href":"http:\/\/www.kunstgalerie-barbara.de\/blog\/wp-json\/wp\/v2\/posts\/17519"}],"collection":[{"href":"http:\/\/www.kunstgalerie-barbara.de\/blog\/wp-json\/wp\/v2\/posts"}],"about":[{"href":"http:\/\/www.kunstgalerie-barbara.de\/blog\/wp-json\/wp\/v2\/types\/post"}],"author":[{"embeddable":true,"href":"http:\/\/www.kunstgalerie-barbara.de\/blog\/wp-json\/wp\/v2\/users\/1"}],"replies":[{"embeddable":true,"href":"http:\/\/www.kunstgalerie-barbara.de\/blog\/wp-json\/wp\/v2\/comments?post=17519"}],"version-history":[{"count":1,"href":"http:\/\/www.kunstgalerie-barbara.de\/blog\/wp-json\/wp\/v2\/posts\/17519\/revisions"}],"predecessor-version":[{"id":17529,"href":"http:\/\/www.kunstgalerie-barbara.de\/blog\/wp-json\/wp\/v2\/posts\/17519\/revisions\/17529"}],"wp:attachment":[{"href":"http:\/\/www.kunstgalerie-barbara.de\/blog\/wp-json\/wp\/v2\/media?parent=17519"}],"wp:term":[{"taxonomy":"category","embeddable":true,"href":"http:\/\/www.kunstgalerie-barbara.de\/blog\/wp-json\/wp\/v2\/categories?post=17519"},{"taxonomy":"post_tag","embeddable":true,"href":"http:\/\/www.kunstgalerie-barbara.de\/blog\/wp-json\/wp\/v2\/tags?post=17519"}],"curies":[{"name":"wp","href":"https:\/\/api.w.org\/{rel}","templated":true}]}}