{"id":17524,"date":"2016-05-23T08:17:18","date_gmt":"2016-05-23T06:17:18","guid":{"rendered":"http:\/\/www.kunstgalerie-barbara.de\/blog\/?p=17524"},"modified":"2016-05-23T18:19:19","modified_gmt":"2016-05-23T16:19:19","slug":"wundervoller-ginster-der-uebrings-zu-den-leguminosen-den-huelsenfruechtlern-zaehlt-wie-unsere-lupinen-die-nicht-nur-ein-prima-sojaersatz-viehfutter-waeren-die-auch-den-stickstoff-im-boden-bind","status":"publish","type":"post","link":"http:\/\/www.kunstgalerie-barbara.de\/blog\/2016\/05\/wundervoller-ginster-der-uebrings-zu-den-leguminosen-den-huelsenfruechtlern-zaehlt-wie-unsere-lupinen-die-nicht-nur-ein-prima-sojaersatz-viehfutter-waeren-die-auch-den-stickstoff-im-boden-bind\/","title":{"rendered":"Wundervoller Ginster, der \u00fcbringens zu den Leguminosen den H\u00fclsenfr\u00fcchtlern z\u00e4hlt, wie unsere Lupinen, die nicht nur ein prima Sojaersatz ( Viehfutter ) w\u00e4ren, die auch den Stickstoff im Boden binden k\u00f6nnten und das ganz ohne Chemie!"},"content":{"rendered":"<p><a href=\"http:\/\/www.kunstgalerie-barbara.de\/blog\/wp-content\/uploads\/2016\/05\/P1070267-Kopie.jpg\"><img loading=\"lazy\" decoding=\"async\" class=\"aligncenter wp-image-17525 size-full\" src=\"http:\/\/www.kunstgalerie-barbara.de\/blog\/wp-content\/uploads\/2016\/05\/P1070267-Kopie.jpg\" alt=\"P1070267 Kopie\" width=\"450\" height=\"339\" srcset=\"http:\/\/www.kunstgalerie-barbara.de\/blog\/wp-content\/uploads\/2016\/05\/P1070267-Kopie.jpg 450w, http:\/\/www.kunstgalerie-barbara.de\/blog\/wp-content\/uploads\/2016\/05\/P1070267-Kopie-300x226.jpg 300w\" sizes=\"(max-width: 450px) 100vw, 450px\" \/><\/a><\/p>\n","protected":false},"excerpt":{"rendered":"","protected":false},"author":1,"featured_media":0,"comment_status":"open","ping_status":"open","sticky":false,"template":"","format":"standard","meta":{"footnotes":""},"categories":[74,42,75,67,51,64],"tags":[],"jetpack_featured_media_url":"","_links":{"self":[{"href":"http:\/\/www.kunstgalerie-barbara.de\/blog\/wp-json\/wp\/v2\/posts\/17524"}],"collection":[{"href":"http:\/\/www.kunstgalerie-barbara.de\/blog\/wp-json\/wp\/v2\/posts"}],"about":[{"href":"http:\/\/www.kunstgalerie-barbara.de\/blog\/wp-json\/wp\/v2\/types\/post"}],"author":[{"embeddable":true,"href":"http:\/\/www.kunstgalerie-barbara.de\/blog\/wp-json\/wp\/v2\/users\/1"}],"replies":[{"embeddable":true,"href":"http:\/\/www.kunstgalerie-barbara.de\/blog\/wp-json\/wp\/v2\/comments?post=17524"}],"version-history":[{"count":1,"href":"http:\/\/www.kunstgalerie-barbara.de\/blog\/wp-json\/wp\/v2\/posts\/17524\/revisions"}],"predecessor-version":[{"id":17528,"href":"http:\/\/www.kunstgalerie-barbara.de\/blog\/wp-json\/wp\/v2\/posts\/17524\/revisions\/17528"}],"wp:attachment":[{"href":"http:\/\/www.kunstgalerie-barbara.de\/blog\/wp-json\/wp\/v2\/media?parent=17524"}],"wp:term":[{"taxonomy":"category","embeddable":true,"href":"http:\/\/www.kunstgalerie-barbara.de\/blog\/wp-json\/wp\/v2\/categories?post=17524"},{"taxonomy":"post_tag","embeddable":true,"href":"http:\/\/www.kunstgalerie-barbara.de\/blog\/wp-json\/wp\/v2\/tags?post=17524"}],"curies":[{"name":"wp","href":"https:\/\/api.w.org\/{rel}","templated":true}]}}